{"id":9747,"date":"2023-10-02T12:24:22","date_gmt":"2023-10-02T10:24:22","guid":{"rendered":"https:\/\/baraka.cc\/?p=9747"},"modified":"2023-10-02T12:24:46","modified_gmt":"2023-10-02T10:24:46","slug":"argasdinin-71-sayisi-kok-dosya-konusu-ile-cikti","status":"publish","type":"post","link":"https:\/\/baraka.cc\/?p=9747","title":{"rendered":"Argasdi\u2019nin 71. Say\u0131s\u0131 \u201cK\u00d6K\u201d Dosya Konusu ile \u00c7\u0131kt\u0131"},"content":{"rendered":"<p>Yirmi y\u0131ldan bu yana Baraka K\u00fclt\u00fcr Merkezi yazar ve \u00e7izerleri taraf\u0131ndan haz\u0131rlanan k\u00fclt\u00fcr-sanat-politika dergisi Argasdi\u2019nin 71. say\u0131s\u0131 \u00e7\u0131kt\u0131. \u00dc\u00e7 ayda bir yay\u0131mlanan dergide, memleket g\u00fcndemini ele alan yaz\u0131lar, \u015fiir, m\u00fczik, sinema, kitap, feminizm, bellek gibi sayfalara yer veriliyor. Her say\u0131da ayr\u0131 bir dosya konusuna yer veren derginin bu say\u0131 dosya konusu ise \u201cK\u00d6K\u201d olarak belirlendi. K\u00f6k ba\u015fl\u0131\u011f\u0131 alt\u0131nda \u201cK\u00f6k-K\u00f6ken Bilimi-\u0130nsanl\u0131\u011f\u0131n K\u00f6keni\u201d, \u201cK\u00f6kten bir de\u011fi\u015fim m\u00fcmk\u00fcn m\u00fc?\u201d, \u201cK\u00f6klerimiz g\u00f6\u00e7 eder mi?\u201d, \u201cM\u00fczi\u011fin k\u00f6keninden bize ne?\u201d, \u201cK\u0131br\u0131sl\u0131 T\u00fcrklerin K\u00f6kenleri: K\u0131br\u0131s T\u00fcrklerinin K\u0131br\u0131sl\u0131 T\u00fcrklere D\u00f6n\u00fc\u015fmesi\u201d, \u201cK\u00f6k\u00fc Emek G\u00f6vdesi M\u00fccadele\u201d, \u201cK\u0131br\u0131s\u2019\u0131n An\u0131t A\u011fa\u00e7lar\u0131\u201d ba\u015fl\u0131kl\u0131 makaleler kaleme al\u0131nd\u0131. Bunun yan\u0131 s\u0131ra gen\u00e7lere s\u00f6z verdik, kat\u0131ld\u0131\u011f\u0131m\u0131z yuvarlak masa toplant\u0131s\u0131nda \u201cye\u015fil ekonomi, ye\u015fil sermaye, ye\u015fil beceriler\u201d \u00fczerine yap\u0131lan konu\u015fma metni ve Evrim A\u011fac\u0131 hakk\u0131nda anlat\u0131c\u0131s\u0131 ile yap\u0131lan r\u00f6portaj metni de dergimizde yer ald\u0131. 30 TL okur katk\u0131s\u0131 ile sat\u0131lan Argasdi\u2019yi Lefko\u015fa Khora Kitap Cafe\u2019den ve Baraka K\u00fclt\u00fcr Merkezi\u2019nden temin edebilirsiniz.<\/p>\n<p><i>Derginin hammaliye ekibi bu say\u0131 i\u00e7in \u015f\u00f6yle diyor;<\/i><\/p>\n<p><i>Bir tohum \u00e7imlendirdiniz mi hi\u00e7? Ama \u00f6yle o tohumun ilk kabuk \u00e7atlamas\u0131n\u0131 g\u00f6rebilecek kadar inceleyerek. E\u011fer bunu yapm\u0131\u015fsan\u0131z, k\u00f6k ve filizin tohumdan ayn\u0131 zamanda \u00e7\u0131kt\u0131\u011f\u0131n\u0131 g\u00f6r\u00fcrs\u00fcn\u00fcz. Yani tohum topra\u011fa tutunmaya ve \u0131\u015f\u0131\u011fa uzanmaya ayn\u0131 anda ba\u015flar. Kimi bitki k\u00f6kleri topraks\u0131z g\u00fc\u00e7lenemezken, kimi bitkiler sadece suda da ya\u015fayabilir. Tabii her ikisinin k\u00f6klerinin de zaman zaman havaland\u0131r\u0131lmaya, topra\u011f\u0131n\u0131n\/suyunun de\u011fi\u015ftirilmesine ihtiyac\u0131 var. T\u00fcm bunlar\u0131n yan\u0131nda, baz\u0131 bitkilerin k\u00f6kleri ise sadece bir yere tutunmak i\u00e7indir. Havadaki nem ile beslenirler. Yani bitkiler i\u00e7in k\u00f6k, olmazsa olmaz.<\/i><\/p>\n<p><i>Peki insan i\u00e7in k\u00f6k nedir? Do\u011fdu\u011fu yer midir? Hayata gelmesine vesile olan anne ve babas\u0131; ailesi midir? <\/i><\/p>\n<p><i>Do\u011fdu\u011fun ortama k\u00f6k salmak m\u0131 \u00f6nemlidir yoksa ya\u015fayabilmek i\u00e7in ba\u015fka topraklara k\u00f6k salabilmek mi?<\/i><\/p>\n<p><i>Gidilen her yere uyum sa\u011flamak, k\u00f6klenebilmek m\u00fcmk\u00fcn m\u00fcd\u00fcr? <\/i><\/p>\n<p><i>Zorla kopar\u0131ld\u0131\u011f\u0131n\u0131z yerde sizden kopup geride kalan k\u00f6kleriniz ne olur peki?<\/i><\/p>\n<p><i>\u00c7\u00fcr\u00fcyorsa k\u00f6klerimiz, topra\u011f\u0131n de\u011fi\u015fmesi i\u00e7in \u0131srar edecek miyiz?<\/i><\/p>\n<p><i>Sahi insanlar\u0131n k\u00f6kleri yabani otlarla, olumsuz hava ko\u015fullar\u0131 ile, k\u00f6k kemiricilerle nas\u0131l m\u00fccadele eder? <\/i><\/p>\n<p><i>Neyle besleniyor insan? Temiz mi hava? Sakin mi ruhumuz? <\/i><\/p>\n<p><i>\u00c7i\u00e7ek a\u00e7abiliyor muyuz mesela?<\/i><\/p>\n<p>&nbsp;<\/p>\n<p><a href=\"https:\/\/baraka.cc\/wp-content\/uploads\/2023\/10\/WhatsApp-Image-2023-09-29-at-15.04.14.jpeg\"><img decoding=\"async\" loading=\"lazy\" class=\"alignnone size-medium wp-image-9748\" alt=\"WhatsApp Image 2023-09-29 at 15.04.14\" src=\"https:\/\/baraka.cc\/wp-content\/uploads\/2023\/10\/WhatsApp-Image-2023-09-29-at-15.04.14-211x300.jpeg\" width=\"211\" height=\"300\" srcset=\"https:\/\/baraka.cc\/wp-content\/uploads\/2023\/10\/WhatsApp-Image-2023-09-29-at-15.04.14-211x300.jpeg 211w, https:\/\/baraka.cc\/wp-content\/uploads\/2023\/10\/WhatsApp-Image-2023-09-29-at-15.04.14-722x1024.jpeg 722w, https:\/\/baraka.cc\/wp-content\/uploads\/2023\/10\/WhatsApp-Image-2023-09-29-at-15.04.14.jpeg 1129w\" sizes=\"(max-width: 211px) 100vw, 211px\" \/><\/a><\/p>\n","protected":false},"excerpt":{"rendered":"<p>Yirmi y\u0131ldan bu yana Baraka K\u00fclt\u00fcr Merkezi yazar ve \u00e7izerleri taraf\u0131ndan haz\u0131rlanan k\u00fclt\u00fcr-sanat-politika dergisi Argasdi\u2019nin 71. say\u0131s\u0131 \u00e7\u0131kt\u0131. \u00dc\u00e7 ayda bir yay\u0131mlanan dergide, memleket g\u00fcndemini<\/p>\n","protected":false},"author":16,"featured_media":9748,"comment_status":"open","ping_status":"open","sticky":false,"template":"","format":"standard","meta":{"jetpack_post_was_ever_published":false,"_jetpack_newsletter_access":"","_jetpack_newsletter_tier_id":0,"jetpack_publicize_message":"","jetpack_is_tweetstorm":false,"jetpack_publicize_feature_enabled":true,"jetpack_social_post_already_shared":true,"jetpack_social_options":{"image_generator_settings":{"template":"highway","enabled":false}}},"categories":[40,67,64,44,38,9,42,1,39],"tags":[],"jetpack_publicize_connections":[],"jetpack_featured_media_url":"https:\/\/baraka.cc\/wp-content\/uploads\/2023\/10\/WhatsApp-Image-2023-09-29-at-15.04.14.jpeg","jetpack_shortlink":"https:\/\/wp.me\/p4eHWX-2xd","jetpack_sharing_enabled":true,"_links":{"self":[{"href":"https:\/\/baraka.cc\/index.php?rest_route=\/wp\/v2\/posts\/9747"}],"collection":[{"href":"https:\/\/baraka.cc\/index.php?rest_route=\/wp\/v2\/posts"}],"about":[{"href":"https:\/\/baraka.cc\/index.php?rest_route=\/wp\/v2\/types\/post"}],"author":[{"embeddable":true,"href":"https:\/\/baraka.cc\/index.php?rest_route=\/wp\/v2\/users\/16"}],"replies":[{"embeddable":true,"href":"https:\/\/baraka.cc\/index.php?rest_route=%2Fwp%2Fv2%2Fcomments&post=9747"}],"version-history":[{"count":2,"href":"https:\/\/baraka.cc\/index.php?rest_route=\/wp\/v2\/posts\/9747\/revisions"}],"predecessor-version":[{"id":9750,"href":"https:\/\/baraka.cc\/index.php?rest_route=\/wp\/v2\/posts\/9747\/revisions\/9750"}],"wp:featuredmedia":[{"embeddable":true,"href":"https:\/\/baraka.cc\/index.php?rest_route=\/wp\/v2\/media\/9748"}],"wp:attachment":[{"href":"https:\/\/baraka.cc\/index.php?rest_route=%2Fwp%2Fv2%2Fmedia&parent=9747"}],"wp:term":[{"taxonomy":"category","embeddable":true,"href":"https:\/\/baraka.cc\/index.php?rest_route=%2Fwp%2Fv2%2Fcategories&post=9747"},{"taxonomy":"post_tag","embeddable":true,"href":"https:\/\/baraka.cc\/index.php?rest_route=%2Fwp%2Fv2%2Ftags&post=9747"}],"curies":[{"name":"wp","href":"https:\/\/api.w.org\/{rel}","templated":true}]}}