{"id":9755,"date":"2023-10-04T14:32:05","date_gmt":"2023-10-04T12:32:05","guid":{"rendered":"https:\/\/baraka.cc\/?p=9755"},"modified":"2023-10-04T14:32:05","modified_gmt":"2023-10-04T12:32:05","slug":"barakadan-hunili-basin-aciklamasi-bizi-siz-delirttiniz","status":"publish","type":"post","link":"https:\/\/baraka.cc\/?p=9755","title":{"rendered":"Baraka\u2019dan Hunili Bas\u0131n A\u00e7\u0131klamas\u0131: \u201cBizi Siz Delirttiniz!\u201d"},"content":{"rendered":"<p>Baraka K\u00fclt\u00fcr Merkezi Y\u00f6netim Kurulu ve baz\u0131 \u00fcyeleri Ba\u015fbakanl\u0131k \u00f6n\u00fcnde bir bas\u0131n a\u00e7\u0131klamas\u0131 ger\u00e7ekle\u015ftirdi. Ge\u00e7ti\u011fimiz g\u00fcnlerde Erhan Ar\u0131kl\u0131\u2019n\u0131n halka \u201cruh hastas\u0131\u201d \u015feklinde hakaret etmesi ve h\u00fck\u00fcmetin gerek e\u011fitim, gerek \u00e7al\u0131\u015fma ya\u015fam\u0131 gerekse di\u011fer t\u00fcm konulardaki, halk\u0131 \u00e7ileden \u00e7\u0131karan s\u00f6ylem ve uygulamalar\u0131na tepki olarak\u00a0 yap\u0131lan bas\u0131n a\u00e7\u0131klamas\u0131nda, eylemciler kafalar\u0131na huni takarak halk\u0131n nas\u0131l delirtildi\u011fini anlatt\u0131lar.<\/p>\n<p>Baraka K\u00fclt\u00fcr Merkezi Ba\u015fkan\u0131 Mustafa Batak, yapt\u0131\u011f\u0131 konu\u015fmada \u201cBu kadar k\u0131sa s\u00fcrede bu kadar ruh hastas\u0131n\u0131 nas\u0131l yeti\u015ftirmi\u015fiz, diye merak etmi\u015f Erhan Ar\u0131kl\u0131. Madem merak ediyorsunuz anlatal\u0131m \u00f6yleyse, bu kafam\u0131zdaki hunilerin hepsi sizin sayenizde!\u201d s\u00f6zlerine yer vererek h\u00fck\u00fcmeti i\u015faret etti. A\u00e7\u0131klamada, \u00f6\u011fretmenlerin yasal hakk\u0131n\u0131 sadaka verir gibi duyurup, \u00fcst\u00fc paral\u0131 g\u00f6rsellerle s\u00fcsleyen Maliye Bakan\u0131\u2019n\u0131n; kendisine y\u00f6neltilen ele\u015ftirilere \u201cruh hastas\u0131\u201d yan\u0131t\u0131 veren Bay\u0131nd\u0131rl\u0131k ve Ula\u015ft\u0131rma Bakan\u0131\u2019n\u0131n; bilimsellikten uzak, gerici i\u00e7eriklerle doldurulan kitaplar\u0131 destekleyen E\u011fitim Bakan\u0131\u2019n\u0131n; \u00e7al\u0131\u015fma ya\u015fam\u0131nda ya\u015fanan s\u00f6m\u00fcr\u00fcye kar\u015f\u0131 \u00fc\u00e7 maymunu oynayan \u00c7al\u0131\u015fma Bakan\u0131\u2019n\u0131n, halk\u0131n ak\u0131l ve ruh sa\u011fl\u0131\u011f\u0131n\u0131 tehdit etti\u011fi vurguland\u0131.<\/p>\n<p>Kad\u0131n cinayetlerinin de dile getirildi\u011fi bas\u0131n a\u00e7\u0131klamas\u0131nda \u201c\u015fiddet ma\u011fduru kad\u0131nlar\u0131n s\u0131\u011f\u0131nabilece\u011fi kad\u0131n s\u0131\u011f\u0131nma evleri ve \u015fiddet \u00f6nleme merkezleri a\u00e7mad\u0131\u011f\u0131n\u0131z, dosya a\u00e7mamak i\u00e7in diretip dayak\u00e7\u0131 \u00f6zne ile \u015fiddet ma\u011fdurunu bar\u0131\u015ft\u0131rmay\u0131 kendine misyon edinmi\u015f polis y\u00fcz\u00fcnden karanl\u0131\u011fa hapsolmu\u015f ve yitirdi\u011fimiz k\u0131z karde\u015flerimiz i\u00e7in delirdik.\u201d s\u00f6zlerine yer verildi.<\/p>\n<p>Baraka, ekonominin frenleri patlam\u0131\u015f kamyon misali u\u00e7urumdan a\u015fa\u011f\u0131ya yuvarland\u0131\u011f\u0131n\u0131 ve zamlar kar\u015f\u0131s\u0131nda eriyen maa\u015flara h\u00fck\u00fcmetin hi\u00e7bir \u00e7are \u00fcretmezken sermaye kesimlerine te\u015fvik ve imtiyazlar sa\u011flad\u0131\u011f\u0131n\u0131 belirtti.<\/p>\n<p>Okunan a\u00e7\u0131klamada \u201cToplu ta\u015f\u0131maya yat\u0131r\u0131m yapmay\u0131p bu k\u00fc\u00e7\u00fck ada yar\u0131s\u0131n\u0131 hem trafik kaosuna hem de akaryak\u0131t ve oto galeri sermayesine mahk\u00fbm edip, el yakan ara\u00e7 ve yak\u0131t \u00fccretlerine neden oldu\u011funuz i\u00e7in delirdik.\u201d ifadeleri de yer ald\u0131.<\/p>\n<p>&nbsp;<\/p>\n<p><b>Y\u00f6netim Kurulu \u00dcyeleri taraf\u0131ndan okunan <\/b><b>\u201cBizi Siz Delirttiniz!\u201dba\u015fl\u0131kl\u0131 <\/b><b>a\u00e7\u0131klaman\u0131n tam metni ise \u015f\u00f6yle:<\/b><\/p>\n<p>&#8211; Ada yar\u0131m\u0131z\u0131n her bir k\u00f6\u015fesini saran dinsel gericilik ve muhafazak\u00e2rla\u015fma politikalar\u0131 ne toplum yap\u0131s\u0131na ne k\u00fclt\u00fcr\u00fcne ne de Anayasa\u2019s\u0131na uygundur. G\u00fcd\u00fclen bu politika ile olu\u015fturulan dogma yakla\u015f\u0131mlar ve giri\u015filen toplum m\u00fchendisli\u011fi ile halk\u0131 birbirine k\u0131rd\u0131ran deme\u00e7 ve prati\u011fe kar\u015f\u0131 delirdik!<\/p>\n<p>&#8211; Ba\u015fta ekonomi olmak \u00fczere bir\u00e7ok ya\u015famsal olgunun stoplar\u0131 patlam\u0131\u015f kamyon misali u\u00e7urumdan a\u015fa\u011f\u0131ya yuvarlanmas\u0131 ile pe\u015fi s\u0131ra gelen zamlar\u0131n, artan hayat pahal\u0131l\u0131\u011f\u0131 kar\u015f\u0131s\u0131nda eriyen maa\u015flara hi\u00e7bir \u00e7are \u00fcretmeyip sermaye kesimlerine sa\u011flad\u0131\u011f\u0131n\u0131z te\u015fvik, muafiyet ve imtiyazlara kar\u015f\u0131 delirdik!<\/p>\n<p>&#8211; \u00d6zel sekt\u00f6r emek\u00e7ilerini g\u00f6rmezden gelmenize, \u00e7al\u0131\u015fma ya\u015fam\u0131n\u0131n geneline yerle\u015fen, g\u00fcvencesiz, \u00f6rg\u00fcts\u00fcz, keyfi i\u015fleyi\u015fe ra\u011fmen kar\u0131n toklu\u011fa kadar bile ederi olmayan asgari \u00fccrete kar\u015f\u0131 delirdik!<\/p>\n<p>&#8211; Ba\u015fta e\u011fitim, sa\u011fl\u0131k olmak \u00fczere kamusal bir\u00e7ok hak ve \u00f6devlerden kendini soyutlayan ve Anayasa\u2019ya ayk\u0131r\u0131 bi\u00e7imde s\u00fcrekli tekrar eden tutumunuza kar\u015f\u0131 delirdik!<\/p>\n<p>&#8211; Her e\u011fitim y\u0131l\u0131n\u0131n ba\u015f\u0131nda tekrar eden ama \u00e7\u00f6z\u00fclemeyen sorunlara, tuvalet ka\u011f\u0131d\u0131 eksikli\u011finden, fahi\u015f kay\u0131t \u00fccretlerine ve m\u00fcfredat\u0131na kadar bitmek bilmeyen sorunlara kar\u015f\u0131 delirdik!<\/p>\n<p>&#8211; \u00d6\u011fretmen ihtiya\u00e7lar\u0131 ders y\u0131l\u0131 ba\u015flamadan giderilmedi\u011fi, \u00f6\u011frenciler okullarda \u00f6\u011fretmensiz kald\u0131\u011f\u0131, s\u0131n\u0131flar 40 ki\u015fiyi buldu\u011fu, s\u0131n\u0131f ge\u00e7me t\u00fcz\u00fc\u011f\u00fc delik de\u015fik edildi\u011fi i\u00e7in delirdik.<\/p>\n<p>&#8211; A\u00e7 m\u0131 kalacak tok mu olacak, s\u0131cakta kavrulacak m\u0131 yoksa so\u011fukta donacak m\u0131 diye d\u00fc\u015f\u00fcnmeden, s\u0131rf talimat geldi\u011fi i\u00e7in tam g\u00fcn e\u011fitime ge\u00e7me \u0131srar\u0131n\u0131z sonucunda ma\u011fdur olacak y\u00fczlerce \u00e7ocu\u011fa g\u00f6zlerinizi kapad\u0131\u011f\u0131n\u0131z, kulaklar\u0131n\u0131z\u0131 t\u0131kad\u0131\u011f\u0131n\u0131z i\u00e7in delirdik.<\/p>\n<p>&#8211; \u00c7ocuk istismar\u0131 vakalar\u0131 artarken de\u011fi\u015fen tek \u015feyin Sosyal G\u00fcvenlik Bakan\u0131 koltu\u011funda oturan isim oldu\u011fu i\u00e7in delirdik.<\/p>\n<p>&#8211; Kad\u0131n cinayetleri g\u00fcnden g\u00fcne artarken bunlar\u0131 \u00f6nleyici hi\u00e7bir politika \u00fcretmedi\u011finiz gibi var olan ALO 183 hatt\u0131n\u0131n alt yap\u0131s\u0131n\u0131 geli\u015ftirmedi\u011finiz, \u015fiddet ma\u011fduru kad\u0131nlar\u0131n s\u0131\u011f\u0131nabilece\u011fi kad\u0131n s\u0131\u011f\u0131nma evleri ve \u015fiddet \u00f6nleme merkezleri a\u00e7mad\u0131\u011f\u0131n\u0131z, dosya a\u00e7mamak i\u00e7in diretip dayak\u00e7\u0131 \u00f6zne ile \u015fiddet ma\u011fdurunu bar\u0131\u015ft\u0131rmay\u0131 kendine misyon edinmi\u015f polis y\u00fcz\u00fcnden karanl\u0131\u011fa hapsolmu\u015f ve yitirdi\u011fimiz k\u0131z karde\u015flerimiz i\u00e7in delirdik.<\/p>\n<p>&#8211; Bar\u0131\u015f s\u00fcrecini baltalay\u0131p, \u00fclkeyi kara para, fuhu\u015f, mafya, uyu\u015fturucu ticareti ile d\u00fcnyaya tan\u0131tt\u0131\u011f\u0131n\u0131z i\u00e7in delirdik.<\/p>\n<p>Evet! Bizi siz delirttiniz!<\/p>\n<p><b>\u00a0<\/b><\/p>\n<p>-Kamusal sa\u011fl\u0131\u011f\u0131n i\u00e7i bo\u015falt\u0131l\u0131p, sa\u011fl\u0131k hizmetlerine ve ilaca ula\u015f\u0131m\u0131n ticarile\u015ftirildi\u011fi, devlet hastanesi d\u00f6k\u00fcl\u00fcrken yat\u0131r\u0131m yapmayarak vatanda\u015f \u00f6zel hastanelerin avcuna b\u0131rak\u0131ld\u0131\u011f\u0131 i\u00e7in delirdik.<\/p>\n<p>&#8211; B\u00fct\u00fcn y\u0131l boyunca g\u00fcne\u015f alan \u00fclkemizde yenilenebilir enerji kaynaklar\u0131 \u00fcretebilecek tesisler kurmak i\u00e7in yat\u0131r\u0131m yapmak yerine fosil yak\u0131t kullanarak elektirik \u00fcretti\u011fimiz ve buna fahi\u015f fiyatlar \u00f6dedi\u011fimiz i\u00e7in delirdik.<\/p>\n<p>&#8211; KIBTEK\u2019in bat\u0131r\u0131lmas\u0131 i\u00e7in s\u0131nava girmeyen, kalifiye olmayan yanda\u015flar ile kurumun i\u00e7ini doldurdu\u011funuz, torpil ile al\u0131m yapt\u0131\u011f\u0131n\u0131z i\u00e7in delirdik.<\/p>\n<p>&#8211; Adeta bir hastal\u0131k gibi \u00fcst\u00fcm\u00fcze \u00e7\u00f6ken, al\u0131m garantili s\u00f6zle\u015fme imzalad\u0131\u011f\u0131n\u0131z ve kurumu kalk\u0131nd\u0131rma kisvesi ile hem kurumu hem de halk\u0131 soyan AKSA\u2019n\u0131n pen\u00e7elerine halk\u0131 b\u0131rakt\u0131\u011f\u0131n\u0131z i\u00e7in delirdik.<\/p>\n<p>&#8211; Kapkaranl\u0131k yollarda, trafikde ya\u015fanan kaos, araba kiralama ve ehliyet \u00e7evirme prosed\u00fcr\u00fcndeki bo\u015fluklar y\u00fcz\u00fcnden yitirdi\u011fimiz canlar sonucu delirdik.<\/p>\n<p>&#8211; Toplu ta\u015f\u0131maya yat\u0131r\u0131m yapmay\u0131p bu k\u00fc\u00e7\u00fck ada yar\u0131s\u0131n\u0131 hem trafik kaosuna hem de akaryak\u0131t ve oto galeri sermayesine mahk\u00fbm edip, el yakan ara\u00e7 ve yak\u0131t \u00fccretlerine neden oldu\u011funuz i\u00e7in delirdik.<\/p>\n<p>&#8211; \u00d6ve \u00f6ve bitiremedi\u011finiz, g\u00fcvenlik kameras\u0131 haricinde t\u00fcm kameralara her f\u0131rsatta a\u00e7\u0131l\u0131\u015f tarihi verdi\u011finiz, a\u00e7man\u0131za ra\u011fmen a\u00e7amad\u0131\u011f\u0131n\u0131z Ercan Havaliman\u0131nda, giri\u015f, otopark, r\u00f6tar, koltuk, tuvalet, altyap\u0131 gibi say\u0131s\u0131z eksikliklerle seyahat etmenin \u00e7ileye d\u00f6nmesine ra\u011fmen zeytin ya\u011f\u0131 gibi \u00fcste \u00e7\u0131kman\u0131za delirdik!<\/p>\n<p>Evet evet! Bizi siz delirttiniz<\/p>\n<p><b>\u00a0<\/b><\/p>\n<p>&#8211; Hayvan Refah Yasas\u0131n\u0131 3 kez kad\u00fck edip g\u00fcndeme almad\u0131\u011f\u0131n\u0131z, eziyet g\u00f6ren, a\u00e7 kalan, bar\u0131naklarda kaderine terkedilen ve sokaklarda telef olan hayvanlar\u0131 can olarak g\u00f6rmedi\u011finiz i\u00e7in delirdik.<\/p>\n<p>&#8211; Her yaz ormanlar\u0131m\u0131z cay\u0131r cay\u0131r yanarken bir tane bile yang\u0131n helikopteri almad\u0131\u011f\u0131n\u0131z i\u00e7in delirdik.<\/p>\n<p>&#8211; \u00d6zel sekt\u00f6rde mesai mevhumu olmadan \u00e7al\u0131\u015f\u0131p eme\u011finin kar\u015f\u0131l\u0131\u011f\u0131n\u0131 alamayan i\u015f\u00e7ilerin sendikala\u015fmas\u0131 i\u00e7in yap\u0131lan giri\u015fimleri g\u00f6rmezden geldi\u011finiz ve \u00f6zel sekt\u00f6r patronlar\u0131 ile dirsek temas\u0131 i\u00e7inde olup bu s\u00f6m\u00fcr\u00fcye ortak oldu\u011funuz i\u00e7in delirdik.<\/p>\n<p>&#8211; \u0130\u015f cinayetlerinde \u00f6len y\u00fczlerce i\u015f\u00e7inin hesab\u0131n\u0131 sormak \u015furada dursun, i\u015f g\u00fcvenli\u011fi \u00f6nlemleri al\u0131nmas\u0131 i\u00e7in gerekli giri\u015fimleri yapmad\u0131\u011f\u0131n\u0131z, i\u015f\u00e7inin \u00f6l\u00fcm\u00fcne sebep olan patronlar\u0131n yarg\u0131lanmas\u0131 i\u00e7in gerekli yasal prosed\u00fcr\u00fc uygulamad\u0131\u011f\u0131n\u0131z i\u00e7in delirdik.<\/p>\n<p>&#8211; Her yan\u0131 denizle kapl\u0131 \u00fclkemizin neredeyse t\u00fcm k\u0131y\u0131 \u015feridini otel sermayesine pe\u015fke\u015f \u00e7ekti\u011finiz, yaz boyunca denize girecek bir k\u0131y\u0131 dahi bulamad\u0131\u011f\u0131m\u0131z, bu hak ihlali ile alakal\u0131 mahkeme karar\u0131 olmas\u0131na ra\u011fmen gerekli denetim ve yarg\u0131 mekanizmalar\u0131n\u0131 \u00e7al\u0131\u015ft\u0131rmad\u0131\u011f\u0131n\u0131z i\u00e7in delirdik.<\/p>\n<p>&#8211; \u0130fade \u00f6zg\u00fcrl\u00fc\u011f\u00fc hi\u00e7e say\u0131l\u0131r, gazetecilerimiz yarg\u0131lan\u0131rken daval\u0131dan yana olmak yerine davac\u0131 taraf\u0131nda durdu\u011funuz i\u00e7in delirdik.<\/p>\n<p>&#8211; Zamlar alt\u0131nda ezilirken asgari \u00fccret tespit komisyonunda emek\u00e7i temsil edilmedi\u011fi i\u00e7in delirdik.<b><\/b><\/p>\n<p>\u0130\u015fte her f\u0131rsatta g\u00fcndemi de\u011fi\u015ftiren sizler, umuyorsunuz ki kendi suni g\u00fcndeminizi yarat\u0131p suyu buland\u0131rd\u0131\u011f\u0131n\u0131z zaman biz g\u00f6remeyece\u011fiz ne yapt\u0131\u011f\u0131n\u0131z\u0131. Her f\u0131rsatta biz emek\u00e7i halk\u0131 yerli, yabanc\u0131, g\u00f6\u00e7men, T\u00fcrkiyeli, K\u0131br\u0131sl\u0131 diye ay\u0131r\u0131p milliyet\u00e7i bir zeminden bizleri birbirimize d\u00fc\u015fman etmeye ve kendi halk d\u00fc\u015fman\u0131 eylemlerinizi perdelemeye \u00e7al\u0131\u015f\u0131yorsunuz. Oysa kimin ne yapt\u0131\u011f\u0131 da ne s\u00f6yledi\u011fi de g\u00fcn gibi ortadad\u0131r, siz hepimizi ma\u011fdur ediyorsunuz. Biz bu \u00fclkenin delileri, siz ise bu \u00fclkenin en yanl\u0131\u015f eseri&#8230;<\/p>\n<p>Sanars\u0131n\u0131z ki su hep bulan\u0131k kal\u0131r, emek\u00e7i halk g\u00f6remez \u00fczerine sinmi\u015f s\u00f6m\u00fcr\u00fcn\u00fcn sudaki yans\u0131mas\u0131n\u0131. Dedik ya yanl\u0131\u015f hesaplad\u0131n\u0131z.<\/p>\n<p>&nbsp;<\/p>\n<p>Bizi siz delirttiniz evet<\/p>\n<p>Evet, evet siz delirttiniz bizi<\/p>\n<p>U\u00e7aklar, r\u00fc\u015fvetler ve mobilyalar<\/p>\n<p>Ve ahlak \u00fcst\u00fcne nutuklar<\/p>\n<p>&nbsp;<\/p>\n<p><a href=\"https:\/\/baraka.cc\/wp-content\/uploads\/2023\/10\/g\u00f6rsel-6.jpg\"><img decoding=\"async\" loading=\"lazy\" class=\"alignnone size-medium wp-image-9761\" alt=\"g\u00f6rsel 6\" src=\"https:\/\/baraka.cc\/wp-content\/uploads\/2023\/10\/g\u00f6rsel-6-300x168.jpg\" width=\"300\" height=\"168\" srcset=\"https:\/\/baraka.cc\/wp-content\/uploads\/2023\/10\/g\u00f6rsel-6-300x168.jpg 300w, https:\/\/baraka.cc\/wp-content\/uploads\/2023\/10\/g\u00f6rsel-6-1024x576.jpg 1024w, https:\/\/baraka.cc\/wp-content\/uploads\/2023\/10\/g\u00f6rsel-6-70x40.jpg 70w, https:\/\/baraka.cc\/wp-content\/uploads\/2023\/10\/g\u00f6rsel-6.jpg 2048w\" sizes=\"(max-width: 300px) 100vw, 300px\" \/><\/a> <a href=\"https:\/\/baraka.cc\/wp-content\/uploads\/2023\/10\/g\u00f6rsel-5.jpg\"><img decoding=\"async\" loading=\"lazy\" class=\"alignnone size-medium wp-image-9760\" alt=\"g\u00f6rsel 5\" src=\"https:\/\/baraka.cc\/wp-content\/uploads\/2023\/10\/g\u00f6rsel-5-300x168.jpg\" width=\"300\" height=\"168\" srcset=\"https:\/\/baraka.cc\/wp-content\/uploads\/2023\/10\/g\u00f6rsel-5-300x168.jpg 300w, https:\/\/baraka.cc\/wp-content\/uploads\/2023\/10\/g\u00f6rsel-5-1024x576.jpg 1024w, https:\/\/baraka.cc\/wp-content\/uploads\/2023\/10\/g\u00f6rsel-5-70x40.jpg 70w, https:\/\/baraka.cc\/wp-content\/uploads\/2023\/10\/g\u00f6rsel-5.jpg 2048w\" sizes=\"(max-width: 300px) 100vw, 300px\" \/><\/a> <a href=\"https:\/\/baraka.cc\/wp-content\/uploads\/2023\/10\/g\u00f6rsel-4.jpg\"><img decoding=\"async\" loading=\"lazy\" class=\"alignnone size-medium wp-image-9759\" alt=\"g\u00f6rsel 4\" src=\"https:\/\/baraka.cc\/wp-content\/uploads\/2023\/10\/g\u00f6rsel-4-300x168.jpg\" width=\"300\" height=\"168\" srcset=\"https:\/\/baraka.cc\/wp-content\/uploads\/2023\/10\/g\u00f6rsel-4-300x168.jpg 300w, https:\/\/baraka.cc\/wp-content\/uploads\/2023\/10\/g\u00f6rsel-4-1024x576.jpg 1024w, https:\/\/baraka.cc\/wp-content\/uploads\/2023\/10\/g\u00f6rsel-4-70x40.jpg 70w, https:\/\/baraka.cc\/wp-content\/uploads\/2023\/10\/g\u00f6rsel-4.jpg 2048w\" sizes=\"(max-width: 300px) 100vw, 300px\" \/><\/a> <a href=\"https:\/\/baraka.cc\/wp-content\/uploads\/2023\/10\/g\u00f6rsel-3.jpg\"><img decoding=\"async\" loading=\"lazy\" class=\"alignnone size-medium wp-image-9758\" alt=\"g\u00f6rsel 3\" src=\"https:\/\/baraka.cc\/wp-content\/uploads\/2023\/10\/g\u00f6rsel-3-300x168.jpg\" width=\"300\" height=\"168\" srcset=\"https:\/\/baraka.cc\/wp-content\/uploads\/2023\/10\/g\u00f6rsel-3-300x168.jpg 300w, https:\/\/baraka.cc\/wp-content\/uploads\/2023\/10\/g\u00f6rsel-3-1024x576.jpg 1024w, https:\/\/baraka.cc\/wp-content\/uploads\/2023\/10\/g\u00f6rsel-3-70x40.jpg 70w, https:\/\/baraka.cc\/wp-content\/uploads\/2023\/10\/g\u00f6rsel-3.jpg 2048w\" sizes=\"(max-width: 300px) 100vw, 300px\" \/><\/a> <a href=\"https:\/\/baraka.cc\/wp-content\/uploads\/2023\/10\/g\u00f6rsel-2.jpg\"><img decoding=\"async\" loading=\"lazy\" class=\"alignnone size-medium wp-image-9757\" alt=\"g\u00f6rsel 2\" src=\"https:\/\/baraka.cc\/wp-content\/uploads\/2023\/10\/g\u00f6rsel-2-300x168.jpg\" width=\"300\" height=\"168\" srcset=\"https:\/\/baraka.cc\/wp-content\/uploads\/2023\/10\/g\u00f6rsel-2-300x168.jpg 300w, https:\/\/baraka.cc\/wp-content\/uploads\/2023\/10\/g\u00f6rsel-2-1024x576.jpg 1024w, https:\/\/baraka.cc\/wp-content\/uploads\/2023\/10\/g\u00f6rsel-2-70x40.jpg 70w, https:\/\/baraka.cc\/wp-content\/uploads\/2023\/10\/g\u00f6rsel-2.jpg 2048w\" sizes=\"(max-width: 300px) 100vw, 300px\" \/><\/a> <a href=\"https:\/\/baraka.cc\/wp-content\/uploads\/2023\/10\/g\u00f6rsel-1.jpg\"><img decoding=\"async\" loading=\"lazy\" class=\"alignnone size-medium wp-image-9756\" alt=\"g\u00f6rsel 1\" src=\"https:\/\/baraka.cc\/wp-content\/uploads\/2023\/10\/g\u00f6rsel-1-300x168.jpg\" width=\"300\" height=\"168\" srcset=\"https:\/\/baraka.cc\/wp-content\/uploads\/2023\/10\/g\u00f6rsel-1-300x168.jpg 300w, https:\/\/baraka.cc\/wp-content\/uploads\/2023\/10\/g\u00f6rsel-1-1024x576.jpg 1024w, https:\/\/baraka.cc\/wp-content\/uploads\/2023\/10\/g\u00f6rsel-1-70x40.jpg 70w, https:\/\/baraka.cc\/wp-content\/uploads\/2023\/10\/g\u00f6rsel-1.jpg 2048w\" sizes=\"(max-width: 300px) 100vw, 300px\" \/><\/a><\/p>\n","protected":false},"excerpt":{"rendered":"<p>Baraka K\u00fclt\u00fcr Merkezi Y\u00f6netim Kurulu ve baz\u0131 \u00fcyeleri Ba\u015fbakanl\u0131k \u00f6n\u00fcnde bir bas\u0131n a\u00e7\u0131klamas\u0131 ger\u00e7ekle\u015ftirdi. Ge\u00e7ti\u011fimiz g\u00fcnlerde Erhan Ar\u0131kl\u0131\u2019n\u0131n halka \u201cruh hastas\u0131\u201d \u015feklinde hakaret etmesi ve<\/p>\n","protected":false},"author":9,"featured_media":9757,"comment_status":"open","ping_status":"open","sticky":false,"template":"","format":"standard","meta":{"jetpack_post_was_ever_published":false,"_jetpack_newsletter_access":"","_jetpack_newsletter_tier_id":0,"jetpack_publicize_message":"","jetpack_is_tweetstorm":false,"jetpack_publicize_feature_enabled":true,"jetpack_social_post_already_shared":true,"jetpack_social_options":{"image_generator_settings":{"template":"highway","enabled":false}}},"categories":[45,9,1],"tags":[],"jetpack_publicize_connections":[],"jetpack_featured_media_url":"https:\/\/baraka.cc\/wp-content\/uploads\/2023\/10\/g\u00f6rsel-2.jpg","jetpack_shortlink":"https:\/\/wp.me\/p4eHWX-2xl","jetpack_sharing_enabled":true,"_links":{"self":[{"href":"https:\/\/baraka.cc\/index.php?rest_route=\/wp\/v2\/posts\/9755"}],"collection":[{"href":"https:\/\/baraka.cc\/index.php?rest_route=\/wp\/v2\/posts"}],"about":[{"href":"https:\/\/baraka.cc\/index.php?rest_route=\/wp\/v2\/types\/post"}],"author":[{"embeddable":true,"href":"https:\/\/baraka.cc\/index.php?rest_route=\/wp\/v2\/users\/9"}],"replies":[{"embeddable":true,"href":"https:\/\/baraka.cc\/index.php?rest_route=%2Fwp%2Fv2%2Fcomments&post=9755"}],"version-history":[{"count":1,"href":"https:\/\/baraka.cc\/index.php?rest_route=\/wp\/v2\/posts\/9755\/revisions"}],"predecessor-version":[{"id":9762,"href":"https:\/\/baraka.cc\/index.php?rest_route=\/wp\/v2\/posts\/9755\/revisions\/9762"}],"wp:featuredmedia":[{"embeddable":true,"href":"https:\/\/baraka.cc\/index.php?rest_route=\/wp\/v2\/media\/9757"}],"wp:attachment":[{"href":"https:\/\/baraka.cc\/index.php?rest_route=%2Fwp%2Fv2%2Fmedia&parent=9755"}],"wp:term":[{"taxonomy":"category","embeddable":true,"href":"https:\/\/baraka.cc\/index.php?rest_route=%2Fwp%2Fv2%2Fcategories&post=9755"},{"taxonomy":"post_tag","embeddable":true,"href":"https:\/\/baraka.cc\/index.php?rest_route=%2Fwp%2Fv2%2Ftags&post=9755"}],"curies":[{"name":"wp","href":"https:\/\/api.w.org\/{rel}","templated":true}]}}