{"id":9789,"date":"2023-10-18T09:14:40","date_gmt":"2023-10-18T07:14:40","guid":{"rendered":"https:\/\/baraka.cc\/?p=9789"},"modified":"2023-10-18T09:18:09","modified_gmt":"2023-10-18T07:18:09","slug":"memleketin-ahvali-kamil-ibrahim-ipciler","status":"publish","type":"post","link":"https:\/\/baraka.cc\/?p=9789","title":{"rendered":"Memleketin Ahvali &#8211; Kamil \u0130brahim \u0130p\u00e7iler"},"content":{"rendered":"<p>Ge\u00e7ti\u011fimiz 3 ayda \u00fclkemizde g\u00fcndem olan konular\u0131n mizahi ve politik bir dille de\u011ferlendirildi\u011fi Memleketin Ahvali&#8217;nde bu say\u0131:<\/p>\n<p><a href=\"https:\/\/baraka.cc\/wp-content\/uploads\/2023\/10\/WhatsApp-Image-2023-10-18-at-10.09.16-4.jpeg\"><img decoding=\"async\" loading=\"lazy\" class=\"alignnone size-medium wp-image-9792\" alt=\"WhatsApp Image 2023-10-18 at 10.09.16 (4)\" src=\"https:\/\/baraka.cc\/wp-content\/uploads\/2023\/10\/WhatsApp-Image-2023-10-18-at-10.09.16-4-300x204.jpeg\" width=\"300\" height=\"204\" srcset=\"https:\/\/baraka.cc\/wp-content\/uploads\/2023\/10\/WhatsApp-Image-2023-10-18-at-10.09.16-4-300x204.jpeg 300w, https:\/\/baraka.cc\/wp-content\/uploads\/2023\/10\/WhatsApp-Image-2023-10-18-at-10.09.16-4-1024x698.jpeg 1024w, https:\/\/baraka.cc\/wp-content\/uploads\/2023\/10\/WhatsApp-Image-2023-10-18-at-10.09.16-4-190x130.jpeg 190w, https:\/\/baraka.cc\/wp-content\/uploads\/2023\/10\/WhatsApp-Image-2023-10-18-at-10.09.16-4.jpeg 1125w\" sizes=\"(max-width: 300px) 100vw, 300px\" \/><\/a><\/p>\n<p><strong>\u00d6zg\u00fcr Bas\u0131n, Prangal\u0131 Muhalefet<\/strong><\/p>\n<p>Geride b\u0131rakt\u0131\u011f\u0131m\u0131z d\u00f6nemde memleketin gelece\u011fi ad\u0131na en kritik meselelerden biri de, \u00fclkenin tan\u0131nan gazetecilerinden biri ve ayn\u0131 zamanda sendika ba\u015fkan\u0131 olan Ali Ki\u015fmir\u2019e a\u00e7\u0131lan dava oldu. Cumhurba\u015fkanl\u0131\u011f\u0131 se\u00e7im s\u00fcrecinde \u2018Beyaz Ev\u2019 isimli askeri mekana TC B\u00fcy\u00fckel\u00e7isi taraf\u0131ndan komutanlar ve milletvekilleri \u00e7a\u011f\u0131r\u0131lm\u0131\u015f, burada yap\u0131lan toplant\u0131 ile se\u00e7ime a\u00e7\u0131k m\u00fcdahalede bulunulmu\u015ftu. T\u00fcrkiye\u2019de ya\u015fansa \u2018darbe giri\u015fimi\u2019 diye ortal\u0131\u011f\u0131 aya\u011fa kald\u0131racak AKP\u2019nin bu siyasi m\u00fcdahalesini ele\u015ftiren Ali Ki\u015fmir\u2019in, ortadaki \u2018ahlak d\u0131\u015f\u0131l\u0131\u011fa\u2019 dikkat \u00e7ekmek i\u00e7in Beyaz Evi \u2018genel eve\u2019 benzetmesi \u00fczerine \u201cG\u00fcvenlik Kuvvetleri Komutanl\u0131\u011f\u0131\u2019n\u0131 hedef g\u00f6steren bir yaz\u0131 yazd\u0131\u011f\u0131 ve kurumun manevi \u015fahsiyetini tahkir ve tezyif etti\u011fi\u201d iddias\u0131yla dava a\u00e7\u0131ld\u0131.<br \/>\nAli Ki\u015fmir\u2019in 10 y\u0131la kadar hapsini isteyenlerin asl\u0131nda istedi\u011fi \u015fey, muhalif bas\u0131na \u201csusun, konu\u015fmay\u0131n, sorgulamay\u0131n\u201d mesaj\u0131 vermekti. Bu dava bir bas\u0131n emek\u00e7isi olan Ali\u2019ye a\u00e7\u0131l\u0131rken, ayn\u0131 zamanda bir sendika ba\u015fkan\u0131 olan Ali\u2019ye de a\u00e7\u0131lm\u0131\u015ft\u0131. Hal b\u00f6yleyken, toplumsal muhalefetin aya\u011fa kalkmas\u0131 beklenirdi. Ancak \u00f6yle olmad\u0131. Y\u0131llar i\u00e7erisinde ana muhalefet partisinin kontrol\u00fc alt\u0131na girmi\u015f toplumsal muhalefet kesimleri ve \u00e7e\u015fitli \u00f6rg\u00fctler\/sendikalar, ucu AKP\u2019ye dokunan her konuda ana muhalefet partisinin yapt\u0131\u011f\u0131 gibi; sustu ve bekledi. K\u00fc\u00e7\u00fck hesaplar, bireysel kariyer hedefleri ve egolarla y\u00f6netilen daha k\u00fc\u00e7\u00fck muhalif yap\u0131lar da pek bir hareket g\u00f6steremedi. Ortaya \u00e7\u0131kan tabloda, birka\u00e7 toplant\u0131, sokakta s\u0131f\u0131r eylem, somut bir ad\u0131m olarak da bir imza kampanyas\u0131 ile s\u00fcre\u00e7 ilerledi.<br \/>\nAli\u2019nin davas\u0131 s\u00fcr\u00fcyor. Sonu\u00e7 ne olacak bilinmiyor; ancak \u00f6zg\u00fcr bas\u0131n\u0131n asla susturulamayaca\u011f\u0131, y\u00fcz y\u0131llard\u0131r oldu\u011fu gibi, kirli iktidarlar\u0131 ve g\u00fc\u00e7 odaklar\u0131n\u0131 rahats\u0131z etmeye devam edece\u011fi biliniyor. Ancak \u00f6zg\u00fcr bas\u0131n gibi muhalefetin de prangalar\u0131ndan kurtulmas\u0131, onu bu sessizli\u011fe mahkum eden her t\u00fcrl\u00fc hesap ve ili\u015fkiden kendini ar\u0131nd\u0131rmas\u0131 gerekiyor.<\/p>\n<p><a href=\"https:\/\/baraka.cc\/wp-content\/uploads\/2023\/10\/WhatsApp-Image-2023-10-18-at-10.09.16-1.jpeg\"><img decoding=\"async\" loading=\"lazy\" class=\"alignnone size-medium wp-image-9795\" alt=\"WhatsApp Image 2023-10-18 at 10.09.16 (1)\" src=\"https:\/\/baraka.cc\/wp-content\/uploads\/2023\/10\/WhatsApp-Image-2023-10-18-at-10.09.16-1-300x168.jpeg\" width=\"300\" height=\"168\" srcset=\"https:\/\/baraka.cc\/wp-content\/uploads\/2023\/10\/WhatsApp-Image-2023-10-18-at-10.09.16-1-300x168.jpeg 300w, https:\/\/baraka.cc\/wp-content\/uploads\/2023\/10\/WhatsApp-Image-2023-10-18-at-10.09.16-1-1024x576.jpeg 1024w, https:\/\/baraka.cc\/wp-content\/uploads\/2023\/10\/WhatsApp-Image-2023-10-18-at-10.09.16-1-70x40.jpeg 70w, https:\/\/baraka.cc\/wp-content\/uploads\/2023\/10\/WhatsApp-Image-2023-10-18-at-10.09.16-1.jpeg 1600w\" sizes=\"(max-width: 300px) 100vw, 300px\" \/><\/a><\/p>\n<p><strong>Another Skandal at Ercan Made People Shock<\/strong><\/p>\n<p><strong><\/strong>Since it open, new Ercan Airport comes to agenda with unbelievable things. After we learn that they forgot to put G\u00fcmr\u00fck and Police\u2019s place to the new airport, we are thinking that this is the top level and they can\u2019t do further than this. However shite happens, every time in this country. You can never imagine what more.<\/p>\n<p>As you know, Erhan (in Ardahan in 1962 born and last location Ula\u015ft\u0131rma Bakanl\u0131\u011f\u0131), ordered by Erdo\u011fan to work with Emrullah Turanl\u0131 and eat money together. Turanl\u0131 was too late to finish the airport but still continue to be paid, and finish the airport at last. However, many skandals happened after that. The airport without Police and G\u00fcmr\u00fck place, without electricity, cause people to be late and create ma\u011fduriyet. Lastly, the English writing about Fehmi Ercan\u2019s life, made the \u015fehit to turn reverse in his grave. Erhan and his party, most probably, find someone who cannot even use Google Translate, and give our money to him to eat. People who see that, live their lifetime shock. Then they paid more money, our money, to someone else to correct it. In this text, I tried my best, but it is impossible to write that bad. Unbelievable thing, once again. What is next, Erhan?<\/p>\n<p><a href=\"https:\/\/baraka.cc\/wp-content\/uploads\/2023\/10\/WhatsApp-Image-2023-10-18-at-10.09.16-2.jpeg\"><img decoding=\"async\" loading=\"lazy\" class=\"alignnone size-medium wp-image-9794\" alt=\"WhatsApp Image 2023-10-18 at 10.09.16 (2)\" src=\"https:\/\/baraka.cc\/wp-content\/uploads\/2023\/10\/WhatsApp-Image-2023-10-18-at-10.09.16-2-300x175.jpeg\" width=\"300\" height=\"175\" srcset=\"https:\/\/baraka.cc\/wp-content\/uploads\/2023\/10\/WhatsApp-Image-2023-10-18-at-10.09.16-2-300x175.jpeg 300w, https:\/\/baraka.cc\/wp-content\/uploads\/2023\/10\/WhatsApp-Image-2023-10-18-at-10.09.16-2-70x40.jpeg 70w, https:\/\/baraka.cc\/wp-content\/uploads\/2023\/10\/WhatsApp-Image-2023-10-18-at-10.09.16-2.jpeg 852w\" sizes=\"(max-width: 300px) 100vw, 300px\" \/><\/a><\/p>\n<p><strong>k\u0131bTek Ba\u015f\u0131na Yiyenlerin D\u00fczeni<\/strong><\/p>\n<p>Devlette m\u00fcnhal ve atama d\u00f6nemlerinde, hele hele ubp isimli \u00e7etenin h\u00fck\u00fcmet oldu\u011fu zamanlarda, bug\u00fcne kadar neler g\u00f6rd\u00fck neler. Ama b\u00f6ylesi\u2026 Bu kadar\u0131\u2026 Art\u0131k onlar bile kendini a\u015ft\u0131, bu i\u015f iyice \u00e7\u0131\u011fr\u0131ndan \u00e7\u0131kt\u0131. Eskiden daha \u00fcst\u00fc kapal\u0131 \u015fekilde, biraz daha utana s\u0131k\u0131la yap\u0131lan \u015feyler, art\u0131k a\u00e7\u0131k a\u00e7\u0131k yap\u0131lmaya ba\u015fland\u0131. Dergiyi yay\u0131na haz\u0131rlad\u0131\u011f\u0131m\u0131z s\u0131rada, ubp \u00e7etesine, hak yiyenlere, bu \u00fclkeyi ya\u015fanmaz hale getirenlere bir paragraf d\u00f6\u015femi\u015fken, tam yaz\u0131y\u0131 ekibe teslim edecekken, t\u00fcm skandal\u0131n \u00f6n\u00fcne ge\u00e7ecek bir \u015fok daha ya\u015fand\u0131. Partizan istihdamlar aras\u0131nda El-Sen Ba\u015fkan\u0131 \u00c7a\u011flayan Cesurer\u2019in o\u011flunun da yer ald\u0131\u011f\u0131 ortaya \u00e7\u0131kt\u0131. K\u0131b-Tek t\u0131pk\u0131 KTHY gibi bat\u0131r\u0131lma yoluna sokulurken, tam da o s\u00fcre\u00e7te ya\u015fanan ve ya\u015fat\u0131lanlar bir bir senaryoya dahil edilirken, sendika ba\u015fkan\u0131 da sus pay\u0131 olarak bu su\u00e7a dahil edildi. K\u0131b-Tek\u2019e yap\u0131lan istihdam say\u0131s\u0131 165\u2019e \u00e7\u0131karken, s\u0131navs\u0131z, el alt\u0131ndan ve \u00e7o\u011funlu\u011fu ehliyetsiz olmak \u00fczere i\u015fe al\u0131mlar yap\u0131ld\u0131. Yar\u0131n yine ayn\u0131 \u00e7ete \u201cbu kurum zarar ediyor, kapat\u0131yoruz, sat\u0131yoruz\u201d dedi\u011finde, biz \u00e7al\u0131\u015fanlarla birlikte sokakta olaca\u011f\u0131z. Ancak bu zihniyetle asla bir olmayaca\u011f\u0131z.<\/p>\n<p><a href=\"https:\/\/baraka.cc\/wp-content\/uploads\/2023\/10\/WhatsApp-Image-2023-10-18-at-10.09.16.jpeg\"><img decoding=\"async\" loading=\"lazy\" class=\"alignnone size-medium wp-image-9790\" alt=\"WhatsApp Image 2023-10-18 at 10.09.16\" src=\"https:\/\/baraka.cc\/wp-content\/uploads\/2023\/10\/WhatsApp-Image-2023-10-18-at-10.09.16-300x253.jpeg\" width=\"300\" height=\"253\" srcset=\"https:\/\/baraka.cc\/wp-content\/uploads\/2023\/10\/WhatsApp-Image-2023-10-18-at-10.09.16-300x253.jpeg 300w, https:\/\/baraka.cc\/wp-content\/uploads\/2023\/10\/WhatsApp-Image-2023-10-18-at-10.09.16-1024x865.jpeg 1024w, https:\/\/baraka.cc\/wp-content\/uploads\/2023\/10\/WhatsApp-Image-2023-10-18-at-10.09.16.jpeg 1027w\" sizes=\"(max-width: 300px) 100vw, 300px\" \/><\/a><\/p>\n<p><strong>H\u00fck\u00fcmet E\u011fitimdeki \u2018G\u00f6revini\u2019 Tam Yap\u0131yor: Kaos Y\u0131l\u0131 Ba\u015fl\u0131yor<br \/>\n<\/strong>\u00dclkemizde daha se\u00e7ime girdi\u011fi s\u00fcre\u00e7ten itibaren sermaye taraf\u0131ndan finanse edilen h\u00fck\u00fcmetler, se\u00e7ildikten sonra da sermayeye kar\u015f\u0131 g\u00f6revlerini eksiksiz yerine getirerek, kamusal ne varsa darbe vuruyor, kaosa s\u00fcr\u00fckl\u00fcyor ve bitiriyor. Altyap\u0131s\u0131 haftada bir bile tam g\u00fcn e\u011fitim i\u00e7in yeterli olmayan, okul aile birliklerinin \u00f6zverileri ve okul idarelerinin velilerden gayri yasal \u015fekilde toplad\u0131\u011f\u0131 paralarla ayakta kalan kamusal okullarda \u201cBu y\u0131l 2 g\u00fcn, \u00f6n\u00fcm\u00fczdeki y\u0131l her g\u00fcn tam g\u00fcn e\u011fitim\u201d yakla\u015f\u0131m\u0131, h\u00fck\u00fcmetin oturdu\u011fu yerden e\u011fitime vurabilece\u011fi son darbeydi. \u201c\u00c7ocuklar\u0131n \u00f6\u011flen ne yiyece\u011fi benim sorumlulu\u011fum de\u011fil\u201d diyen bir E\u011fitim Bakan\u0131yla, buraya kadar iyi bile gelindi. \u015eimdi ise \u00f6n\u00fcm\u00fczde yeni bir e\u011fitim y\u0131l\u0131, \u00f6\u011fretmensiz, \u00fcst \u00fcste s\u0131n\u0131flar, yetersiz binalar, \u00e7ad\u0131rlar veya en iyi ihtimalle konteynerler var. Tam g\u00fcn e\u011fitimin planlamas\u0131n\u0131, t\u00fcm g\u00fcn boyunca okulda tutaca\u011f\u0131n \u00e7ocuklar\u0131n vaktini nas\u0131l dolduraca\u011f\u0131n\u0131n ayarlanmas\u0131n\u0131 ge\u00e7tik\u2026 Yemekhanesiz okullarda herg\u00fcn, tam g\u00fcn e\u011fitim ilan etmek\u2026 Y\u00fcr\u00fc be Naz\u0131m, m\u00fchimsin neme laz\u0131m. Ancak tabii ki h\u00fck\u00fcmet yaln\u0131zca kendini finanse eden sermayeye kar\u015f\u0131 sorumluluk ta\u015f\u0131m\u0131yor. Sorumlulu\u011funun bir k\u0131sm\u0131 da kendilerini oraya oturtan ve orada tutan AKP gericili\u011fine kar\u015f\u0131 g\u00f6revlerini i\u00e7eriyor. \u00c7ocuklar\u0131n zihinlerini gerici \u2018sosyal bilgiler\u2019 kitaplar\u0131yla y\u0131kamaya kalk\u0131\u015fan E\u011fitim Bakanl\u0131\u011f\u0131\u2019n\u0131n bu \u00e7abas\u0131, \u015fimdilik \u00f6\u011fretmen ve velilerin m\u00fccadelesine tak\u0131lacak gibi duruyor. E\u011fitim, h\u00fck\u00fcmet taraf\u0131ndan her alanda kaosa mahkum ediliyor. <b><br \/>\n<a href=\"https:\/\/baraka.cc\/wp-content\/uploads\/2023\/10\/WhatsApp-Image-2023-10-18-at-10.09.16-5.jpeg\"><img decoding=\"async\" loading=\"lazy\" class=\"alignnone size-medium wp-image-9791\" alt=\"WhatsApp Image 2023-10-18 at 10.09.16 (5)\" src=\"https:\/\/baraka.cc\/wp-content\/uploads\/2023\/10\/WhatsApp-Image-2023-10-18-at-10.09.16-5-300x169.jpeg\" width=\"300\" height=\"169\" srcset=\"https:\/\/baraka.cc\/wp-content\/uploads\/2023\/10\/WhatsApp-Image-2023-10-18-at-10.09.16-5-300x170.jpeg 300w, https:\/\/baraka.cc\/wp-content\/uploads\/2023\/10\/WhatsApp-Image-2023-10-18-at-10.09.16-5-70x40.jpeg 70w, https:\/\/baraka.cc\/wp-content\/uploads\/2023\/10\/WhatsApp-Image-2023-10-18-at-10.09.16-5.jpeg 620w\" sizes=\"(max-width: 300px) 100vw, 300px\" \/><\/a><br \/>\n<\/b><\/p>\n<p><strong>Pile \u015eovu<\/strong><\/p>\n<p>\u0130ngiliz polisinin b\u00f6lge insan\u0131n\u0131 daha da fazla ma\u011fdur ederek s\u00fcreci provoke etmesi, bunun \u00fczerine TC\u2019ye yap\u0131lan \u015fikayetler ve bu durum kar\u015f\u0131s\u0131nda hemen harekete ge\u00e7ilmesi, \u2018bizimkilerin\u2019 dozerleriyle UN ara\u00e7lar\u0131n\u0131 devirmesi\u2026 Pile\u2019de \u00fclkemiz i\u00e7in olduk\u00e7a tehlikeli bir oyun oynand\u0131. B\u00f6lgede ya\u015fayan ve yolu kullanan insanlara y\u0131llard\u0131r ara\u00e7 sigortas\u0131 sorulmuyorken, ingiliz polisinin bir anda \u2018yeni uygulamalar\u2019 yapmaya ba\u015flamas\u0131yla s\u00fcre\u00e7 provoke edildi. Ard\u0131ndan geli\u015fen s\u00fcre\u00e7te ise b\u00f6lge insan\u0131n\u0131n uzun senelerdir \u00e7ekti\u011fi \u00e7ile f\u0131rsat bilinerek \u201cnas\u0131l olsa tepki g\u00f6sterilemez\u201d denilerek gerilim ve \u00e7at\u0131\u015fma fiziksel boyuta ta\u015f\u0131nd\u0131. Provokasyonlar TC iktidar\u0131n\u0131n MHP kanad\u0131 ve bas\u0131n yoluyla s\u00fcrd\u00fc. Tabii ki bu, \u00fclke tarihimizde \u0130ngiliz ve TC\u2019nin ilk dan\u0131\u015f\u0131kl\u0131 d\u00f6v\u00fc\u015f\u00fc, yaratt\u0131klar\u0131 ilk provokasyon ve \u00e7at\u0131\u015fma durumu de\u011fildi. Bu anlamda ya\u015fananlar\u0131 Pileli\u2019nin y\u0131llard\u0131r \u00e7ekti\u011fi \u00e7ileden ayr\u0131 okuyabilmek ve tehlikenin fark\u0131nda olmak \u00f6nemliydi. Sonu\u00e7 olarak kktc taraf\u0131n\u0131n \u2018oybirli\u011fiyle\u2019 k\u0131nand\u0131\u011f\u0131, TC\u2019de \u015f\u00f6ven kesimin K\u0131br\u0131s \u00fczerinden milliyet\u00e7i nutuklar att\u0131\u011f\u0131, adan\u0131n kuzey yar\u0131s\u0131nda ya\u015fayan bizlerin ise d\u00fcnyadan daha da uzakla\u015ft\u0131r\u0131ld\u0131\u011f\u0131 bir \u015fekilde mesele sonland\u0131r\u0131ld\u0131. En az\u0131ndan \u015fimdilik. Pile \u015fovunun daha b\u00fcy\u00fck bir \u00e7al\u0131\u015fman\u0131n par\u00e7as\u0131 olup olmad\u0131\u011f\u0131n\u0131 zaman g\u00f6sterecek.<\/p>\n<p><b>\u00a0<a href=\"https:\/\/baraka.cc\/wp-content\/uploads\/2023\/10\/WhatsApp-Image-2023-10-18-at-10.09.16-3.jpeg\"><img decoding=\"async\" loading=\"lazy\" class=\"alignnone size-medium wp-image-9793\" alt=\"WhatsApp Image 2023-10-18 at 10.09.16 (3)\" src=\"https:\/\/baraka.cc\/wp-content\/uploads\/2023\/10\/WhatsApp-Image-2023-10-18-at-10.09.16-3-300x156.jpeg\" width=\"300\" height=\"156\" srcset=\"https:\/\/baraka.cc\/wp-content\/uploads\/2023\/10\/WhatsApp-Image-2023-10-18-at-10.09.16-3-300x156.jpeg 300w, https:\/\/baraka.cc\/wp-content\/uploads\/2023\/10\/WhatsApp-Image-2023-10-18-at-10.09.16-3-1024x533.jpeg 1024w, https:\/\/baraka.cc\/wp-content\/uploads\/2023\/10\/WhatsApp-Image-2023-10-18-at-10.09.16-3.jpeg 1071w\" sizes=\"(max-width: 300px) 100vw, 300px\" \/><\/a><\/b><\/p>\n<p><strong>Koyun Can Derdinde, Kasap Blackjack<\/strong><\/p>\n<p>Benden duymu\u015f olmay\u0131n ama bu \u00fclkede hi\u00e7 fark\u0131nda olmad\u0131\u011f\u0131n\u0131z b\u00fcy\u00fck bir sorununuz var. Kumarhanelere giri\u015finiz yasak. Dolay\u0131s\u0131yla kumarhanelerde kazanaca\u011f\u0131n\u0131z para yasal de\u011fil. En \u00f6nemli derdimiz bu. En az\u0131ndan Casinocular Birli\u011fi\u2019ne g\u00f6re \u00f6yle. B\u00fcy\u00fck bir kampanya ba\u015flatm\u0131\u015flar. Bir yandan a\u00e7\u0131klama yap\u0131yor, bir yandan bas\u0131na bu konu hakk\u0131nda haber yapt\u0131r\u0131p konuyu g\u00fcndem yapmaya \u00e7al\u0131\u015f\u0131yorlar. MHP K\u00fctahya\u00a0Milletvekili Ahmet Erba\u015f\u2019\u0131n ye\u011feni olan,\u00a0Pasha Grup\u00a0Y\u00f6netim Kurulu Ba\u015fkan\u0131\u00a0Vedat Erba\u015f, Binali Y\u0131ld\u0131r\u0131m\u2018\u0131n kktc ziyaretinden \u00f6nceki g\u00fcn sosyal medyadan h\u00fck\u00fcmete seslenerek, kktc vatanda\u015flar\u0131n\u0131n casinolara (Kumarhane) girme yasa\u011f\u0131n\u0131n kald\u0131r\u0131lmas\u0131n\u0131 istedi. Payla\u015f\u0131ma TC el\u00e7isinden Erh\u00fcrman\u2019a kadar siyasi kesimleri etiketledi ve \u00fclkedeki vergi y\u00fck\u00fcn\u00fcn y\u00fczde 75\u2019ini casinolar\u0131n kar\u015f\u0131lad\u0131\u011f\u0131n\u0131 ancak ma\u011fdur edildiklerini iddia etti. \u0130deolojimiz gere\u011fi ma\u011fdur olana, ezilene kar\u015f\u0131 her zaman bir sempati duysak da, bize pek inand\u0131r\u0131c\u0131 gelmedi. Casinocular Birli\u011fi\u2019nin derdiyle dertlenemesek de, s\u00fcrecin devam\u0131nda hangi siyasilerin kumarhanelerle ba\u011flant\u0131l\u0131 oldu\u011funu ve buralardan finanse edildi\u011fini daha da net g\u00f6recek olmam\u0131z \u00f6nemli\u2026<\/p>\n<p><b>\u00a0<\/b><\/p>\n<p><b>\u00a0<\/b><\/p>\n<p>&nbsp;<\/p>\n","protected":false},"excerpt":{"rendered":"<p>Ge\u00e7ti\u011fimiz 3 ayda \u00fclkemizde g\u00fcndem olan konular\u0131n mizahi ve politik bir dille de\u011ferlendirildi\u011fi Memleketin Ahvali&#8217;nde bu say\u0131: \u00d6zg\u00fcr Bas\u0131n, Prangal\u0131 Muhalefet Geride b\u0131rakt\u0131\u011f\u0131m\u0131z d\u00f6nemde memleketin<\/p>\n","protected":false},"author":16,"featured_media":9796,"comment_status":"open","ping_status":"open","sticky":false,"template":"","format":"standard","meta":{"jetpack_post_was_ever_published":false,"_jetpack_newsletter_access":"","_jetpack_newsletter_tier_id":0,"jetpack_publicize_message":"","jetpack_is_tweetstorm":false,"jetpack_publicize_feature_enabled":true,"jetpack_social_post_already_shared":true,"jetpack_social_options":{"image_generator_settings":{"template":"highway","enabled":false}}},"categories":[40,67,64,44,9,1,39],"tags":[],"jetpack_publicize_connections":[],"jetpack_featured_media_url":"https:\/\/baraka.cc\/wp-content\/uploads\/2023\/10\/380755829_1254614765224258_6042796347074587073_n.jpg","jetpack_shortlink":"https:\/\/wp.me\/p4eHWX-2xT","jetpack_sharing_enabled":true,"_links":{"self":[{"href":"https:\/\/baraka.cc\/index.php?rest_route=\/wp\/v2\/posts\/9789"}],"collection":[{"href":"https:\/\/baraka.cc\/index.php?rest_route=\/wp\/v2\/posts"}],"about":[{"href":"https:\/\/baraka.cc\/index.php?rest_route=\/wp\/v2\/types\/post"}],"author":[{"embeddable":true,"href":"https:\/\/baraka.cc\/index.php?rest_route=\/wp\/v2\/users\/16"}],"replies":[{"embeddable":true,"href":"https:\/\/baraka.cc\/index.php?rest_route=%2Fwp%2Fv2%2Fcomments&post=9789"}],"version-history":[{"count":4,"href":"https:\/\/baraka.cc\/index.php?rest_route=\/wp\/v2\/posts\/9789\/revisions"}],"predecessor-version":[{"id":9800,"href":"https:\/\/baraka.cc\/index.php?rest_route=\/wp\/v2\/posts\/9789\/revisions\/9800"}],"wp:featuredmedia":[{"embeddable":true,"href":"https:\/\/baraka.cc\/index.php?rest_route=\/wp\/v2\/media\/9796"}],"wp:attachment":[{"href":"https:\/\/baraka.cc\/index.php?rest_route=%2Fwp%2Fv2%2Fmedia&parent=9789"}],"wp:term":[{"taxonomy":"category","embeddable":true,"href":"https:\/\/baraka.cc\/index.php?rest_route=%2Fwp%2Fv2%2Fcategories&post=9789"},{"taxonomy":"post_tag","embeddable":true,"href":"https:\/\/baraka.cc\/index.php?rest_route=%2Fwp%2Fv2%2Ftags&post=9789"}],"curies":[{"name":"wp","href":"https:\/\/api.w.org\/{rel}","templated":true}]}}