{"id":981,"date":"2010-09-01T09:07:59","date_gmt":"2010-09-01T07:07:59","guid":{"rendered":"https:\/\/baraka.cc\/?p=981"},"modified":"2017-09-19T10:34:21","modified_gmt":"2017-09-19T08:34:21","slug":"afryka-gazetesyne-yonelyk-baski-ve-tehdytler-kinandi-hem-dayanima-hem-eletyry","status":"publish","type":"post","link":"https:\/\/baraka.cc\/?p=981","title":{"rendered":"AFR\u0130KA GAZETES\u0130\u2019NE Y\u00d6NEL\u0130K BASKI VE TEHD\u0130TLER KINANDI: HEM DAYANI\u015eMA HEM ELE\u015eT\u0130R\u0130"},"content":{"rendered":"<p>&nbsp;<\/p>\n<p><b>Anti-militarist Bar\u0131\u015f Harekat\u0131 ger\u00e7ekle\u015ftirdikleri eylem ile Afrika gazetesi ile dayan\u0131\u015fmas\u0131n\u0131 belirtti.\u00a0Eylemde ayn\u0131 zamanda Afrika gazetesinin son zamanlarda Anti-militarist Bar\u0131\u015f Harekat\u0131na y\u00f6nelik yapt\u0131\u011f\u0131 yay\u0131nlarda ele\u015ftirildi.\u00a0Afrika gazetesi \u00f6n\u00fcnde toplanan eylemciler buradan TC El\u00e7ili\u011fi\u2019nin \u00f6n\u00fcne y\u00fcr\u00fcd\u00fcler. Eylemde \u00fczerinde \u201cTatil bitti, Ay\u015fe evine d\u00f6n\u201d yaz\u0131l\u0131 pankart ta\u015f\u0131nd\u0131.<\/b><\/p>\n<p>&nbsp;<\/p>\n<p>\u00dclkemizdeki uyu\u015fturucu trafi\u011fi ile ilgili haberler yapan ve bunun arka plan\u0131ndaki kirli ili\u015fkilerin \u00fczerine giden Afrika gazetesine gelen tehditleri k\u0131namak ve gazete ile dayan\u0131\u015fmalar\u0131n\u0131 sergilemek amac\u0131 ile Anti-militarist Bar\u0131\u015f Harekat\u0131 31 A\u011fustos tarihinde bir eylem d\u00fczenledi.\u00a0Eylemde ayn\u0131 zamanda Afrika gazetesinin son zamanlarda Anti-militarist Bar\u0131\u015f Harekat\u0131na y\u00f6nelik yapt\u0131\u011f\u0131 yay\u0131nlarda ele\u015ftirildi.<\/p>\n<p>&nbsp;<\/p>\n<p>TC El\u00e7ili\u011fine y\u00fcr\u00fcmek i\u00e7in Afrika gazetesi \u00f6n\u00fcnde toplanan eylemciler, burada eyleme kat\u0131lmalar\u0131 i\u00e7in gazete \u00e7al\u0131\u015fanlar\u0131na da \u00e7a\u011fr\u0131 yapt\u0131. Gazete \u00f6n\u00fcnde dayan\u0131\u015fma sloganlar\u0131n\u0131n at\u0131lmas\u0131 ile birlikte El\u00e7ili\u011fe do\u011fru y\u00fcr\u00fcy\u00fc\u015fe ge\u00e7ildi. Afrika gazetesinden Mehmet Levent de a\u015fa\u011f\u0131yaa inerek eylemcilerin aras\u0131na kat\u0131ld\u0131.<\/p>\n<p>&nbsp;<\/p>\n<p><b>Polis barikat\u0131 yoktu!<\/b><\/p>\n<p>&nbsp;<\/p>\n<p>Polis te\u015fkilat\u0131n\u0131n El\u00e7ilik \u00f6n\u00fcnde herhangi bir \u00f6nlem almad\u0131\u011f\u0131 eylemde, aktivistler bas\u0131n a\u00e7\u0131klamas\u0131n\u0131 TC El\u00e7ili\u011finin kap\u0131s\u0131n\u0131n \u00f6n\u00fcnde okudular. Burada \u2018Ay\u015fe Evine d\u00f6n\u2019, \u2018Ankara elini yakam\u0131zdan \u00e7ek\u2019 ve \u2018Fuhu\u015f, mafya, kara para, bu abluka da\u011f\u0131t\u0131lacak\u2019 sloganlar\u0131 at\u0131ld\u0131.<\/p>\n<p>Kemal G\u00fclercan okudu\u011fu bas\u0131n a\u00e7\u0131klamas\u0131nda \u00fclkemizdeki bir\u00e7ok bas\u0131n ve medya kurulu\u015funun ya mafya bask\u0131s\u0131na maruz kald\u0131\u011f\u0131n\u0131 ya da i\u015fgal rejiminin resmi kurumlar\u0131 taraf\u0131ndan sindirilmeye \u00e7al\u0131\u015f\u0131ld\u0131\u011f\u0131n\u0131n alt\u0131n\u0131 \u00e7izdi.\u00a0\u00a0G\u00fclercan \u015f\u00f6yle konu\u015ftu:\u00a0\u201cBizler Anti-militarist Bar\u0131\u015f Harekat\u0131 bile\u015fenleri, Baraka K\u00fclt\u00fcr Merkezi, K\u0131br\u0131sl\u0131 Gen\u00e7lik Platformu, Do\u011fa Dostlar\u0131 Derne\u011fi, YKP ve BKP olarak Afrika gazetesine y\u00f6nelik mafya bask\u0131s\u0131n\u0131n ve tahditlerin kar\u015f\u0131s\u0131nday\u0131z. Bu anlamda Afrika gazetesi ile dayan\u0131\u015fma i\u00e7erisindeyiz. \u00dclkemizdeki bas\u0131n, medya odaklar\u0131 bir yandan bizzat i\u015fgal rejiminin resmi kurumlar\u0131ndan ald\u0131klar\u0131 talimat ve bask\u0131larla muhalefete y\u00f6nelik karartma ve \u00e7arpt\u0131rma politikalar\u0131n\u0131 uygularken \u00f6te yandan da Afrika \u00f6rne\u011finde oldu\u011fu gibi bizzat mafya tehditleri ile kar\u015f\u0131 kar\u015f\u0131ya kalmaktad\u0131rlar. Bas\u0131n \u00f6zg\u00fcrl\u00fc\u011f\u00fcn\u00fcn ve ezilenlerden yana haklar habercili\u011finin savunucusu olan bizler ba\u015fta Afrika gazetesine y\u00f6nelik tehditler olmak \u00fczere, medya sekt\u00f6r\u00fcndeki gerek \u00e7al\u0131\u015fanlar gerekse de bizzat gazetelerin \u00fczerinde olan bask\u0131lar\u0131n ve dayatmalar\u0131n kar\u015f\u0131s\u0131nday\u0131z, bunlara kar\u015f\u0131 m\u00fccadele i\u00e7erisindeyiz. Bu nedenden dolay\u0131 t\u00fcm anti-demokratik geli\u015fmelerin esas kaynak olan TC El\u00e7ili\u011finin \u00f6n\u00fcndeyiz!\u201d<\/p>\n<p>&nbsp;<\/p>\n<p>G\u00fclercan a\u00e7\u0131klamas\u0131nda Afrika gazetesinin kendilerine y\u00f6nelik yapt\u0131\u011f\u0131 ele\u015ftirel yay\u0131nlara da de\u011finerek \u015funlary belirtti: \u201cBu \u00fclkede rejime ve i\u015fgale kar\u015f\u0131 yay\u0131nlar yapm\u0131\u015f ve bu u\u011furda bedeller \u00f6demi\u015f Afrika gazetesinin eleitirilere kapal\u0131 olmas\u0131 ve sol \u00f6rg\u00fctlere kar\u015f\u0131 ba\u015flatt\u0131\u011f\u0131 karalama kampanyas\u0131 \u00e7evremizce \u00fcz\u00fcnt\u00fcye ve hayal k\u0131r\u0131kl\u0131\u011f\u0131na neden olmu\u015ftur. Bizlerin beklentisi icazetsiz bir gazete olan Afrika\u2019n\u0131n bu s\u00fcre\u00e7ten sonra her y\u00f6n\u00fcyle \u00f6zg\u00fcrce d\u00fc\u015f\u00fcncelerimizi ve ele\u015ftirilerimizi ifade edebilecek bir zemin yaratmas\u0131 y\u00f6n\u00fcnde iken; gazete tam tersini, hem de \u00e7arp\u0131c\u0131 bir bi\u00e7imde tam tersini ger\u00e7ekle\u015ftirmi\u015ftir.\u201d<\/p>\n<p><b>\u015eener Levent gazeteye davet etti<\/b><\/p>\n<p>Bas\u0131n a\u00e7\u0131klamas\u0131n\u0131n okumas\u0131n\u0131n ard\u0131ndan eylemciler tekrar Afrika gazetesinin \u00f6n\u00fcne do\u011fru y\u00fcr\u00fcy\u00fc\u015fe ge\u00e7ti. Burada da \u201cAfrika gazetesi yaln\u0131z de\u011fildir\u201d sloganlar\u0131n at\u0131lmas\u0131n\u0131n ard\u0131ndan eylem sona erdi.<\/p>\n<p>Eylemin sona ermesiyle birlikte Afrika genel yay\u0131n y\u00f6netmeni \u015eener Levent a\u015fa\u011f\u0131ya inerek Anti-militarist Bar\u0131\u015f Harekati\u2019ni gazeteye davet etti. Burada Afrika gazetesinin Anti-militarist Bar\u0131\u015f Harekat\u0131\u2019na y\u00f6nelik yapt\u0131\u011f\u0131 yay\u0131nlardan ve buna gelen ele\u015ftiriler hakk\u0131nda konu\u015fuldu. Uzun s\u00fcre devam eden toplant\u0131da baz\u0131 yanl\u0131\u015f anlamalar giderildi.<\/p>\n<p><b>\u201cKendinize b\u0131\u00e7ak sapl\u0131yorsunuz!\u201d<\/b><\/p>\n<p>&nbsp;<\/p>\n<p>\u015eener Levent Anti-militarist Bar\u0131\u015f Harekat\u0131\u2019na en \u00e7ok destek veren gazete olduklar\u0131n\u0131 belirtti. Levent, Afrika gazetesini su\u00e7layan Anti-militarist Bar\u0131\u015f Harekat\u0131\u2019n\u0131n b\u00f6yle yaparak kendi kendisine b\u0131\u00e7ak saplad\u0131\u011f\u0131n\u0131 \u00f6ne s\u00fcrd\u00fc.<\/p>\n<p><b>\u201cEle\u015ftirilere a\u00e7\u0131k olunmas\u0131 laz\u0131m\u201d<\/b><\/p>\n<p>Anti-militarist Bar\u0131\u015f Harekat\u0131 s\u00f6zc\u00fcleri ise yap\u0131lan\u0131n su\u00e7lama de\u011fil ele\u015ftiri oldu\u011funun alt\u0131n\u0131 \u00e7izdi. Dayan\u0131\u015fman\u0131n birbirlerini ele\u015ftirerek daha da geli\u015febilece\u011fini vurgulayan aktivistler, Afrika gazetesinin ele\u015ftirilere bu kadar kapal\u0131 olaca\u011f\u0131n\u0131 d\u00fc\u015f\u00fcnemediklerini s\u00f6ylediler.<\/p>\n<p>&nbsp;<\/p>\n<p class=\"MsoNoSpacing\" style=\"margin: 0cm 0cm 0pt; line-height: 200%; text-align: justify;\"><span style=\"font-size: medium;\"><strong><span style=\"font-family: 'Verdana','sans-serif';\">\u00a0\u00a0\u00a0<\/span><\/strong><\/span><\/p>\n<p><span style=\"font-size: medium;\"><strong><span style=\"font-family: 'Verdana','sans-serif';\">\u00a0\u00a0 <\/span><\/strong><strong><span style=\"font-family: 'Verdana','sans-serif';\">\u00a0<\/span><\/strong><\/span><\/p>\n<p class=\"MsoNoSpacing\" style=\"margin: 0cm 0cm 0pt; line-height: 200%; text-align: justify;\"><strong><span style=\"font-family: 'Verdana','sans-serif';\"><span style=\"font-size: medium;\">\u00a0 \u00a0<\/span><\/span><\/strong><\/p>\n<p><strong><span style=\"font-family: 'Verdana','sans-serif';\"><span style=\"font-size: medium;\">\u00a0\u00a0\u00a0\u00a0 <\/span><\/span><\/strong><span style=\"font-family: 'Verdana','sans-serif';\"><span style=\"font-size: medium;\">\u00a0<\/span><\/span><\/p>\n<p class=\"MsoNoSpacing\" style=\"margin: 0cm 0cm 0pt; line-height: 200%; text-align: justify;\"><span style=\"font-family: 'Verdana','sans-serif';\"><span style=\"font-size: medium;\"><span style=\"font-size: 11pt; line-height: 200%; font-family: 'Verdana','sans-serif';\"><a href=\"https:\/\/www.baraka.cc\/images\/stories\/bandistatatilbitti12.JPG\" target=\"_blank\"><img decoding=\"async\" loading=\"lazy\" alt=\" \" src=\"https:\/\/www.baraka.cc\/images\/stories\/bandistatatilbitti12.JPG\" width=\"150\" height=\"226\" align=\"left\" border=\"2\" \/><\/a><\/span><span style=\"font-family: Verdana, sans-serif; font-size: 14px;\">\u00a0 \u00a0 \u00a0 \u00a0 \u00a0 \u00a0 \u00a0 \u00a0 \u00a0 \u00a0 \u00a0 \u00a0 \u00a0 \u00a0 \u00a0\u00a0<\/span><\/span><\/span><\/p>\n<p class=\"MsoNoSpacing\" style=\"margin: 0cm 0cm 0pt; line-height: 200%; text-align: justify;\"><span style=\"font-family: 'Verdana','sans-serif';\"><span style=\"font-size: medium;\"><a style=\"font-family: Verdana, sans-serif; font-size: 14px;\" href=\"https:\/\/www.baraka.cc\/images\/stories\/bandistatatilbitti13.JPG\" target=\"_blank\"><img decoding=\"async\" loading=\"lazy\" alt=\" \" src=\"https:\/\/www.baraka.cc\/images\/stories\/bandistatatilbitti13.JPG\" width=\"200\" height=\"133\" border=\"2\" \/><\/a><\/span><\/span><\/p>\n<p><span style=\"font-family: 'Verdana','sans-serif';\"><span style=\"font-size: medium;\">\u00a0\u00a0\u00a0\u00a0\u00a0\u00a0\u00a0\u00a0\u00a0\u00a0\u00a0\u00a0\u00a0\u00a0\u00a0\u00a0\u00a0\u00a0\u00a0\u00a0\u00a0\u00a0\u00a0\u00a0\u00a0\u00a0\u00a0\u00a0\u00a0\u00a0\u00a0\u00a0\u00a0\u00a0\u00a0\u00a0\u00a0\u00a0\u00a0\u00a0\u00a0<\/span><\/span><span style=\"font-family: 'Verdana','sans-serif';\"><span style=\"font-size: medium;\">\u00a0<\/span><\/span><\/p>\n<p class=\"MsoNoSpacing\" style=\"margin: 0cm 0cm 0pt; line-height: 200%; text-align: justify;\"><strong><span style=\"font-family: 'Verdana','sans-serif';\"><span style=\"font-size: medium;\">\u00a0<\/span><\/span><\/strong><\/p>\n<p class=\"MsoNoSpacing\" style=\"margin: 0cm 0cm 0pt; line-height: 200%; text-align: justify;\"><span style=\"font-family: 'Verdana','sans-serif';\"><span style=\"font-size: medium;\"><span style=\"font-size: 11pt; line-height: 200%; font-family: 'Verdana','sans-serif';\"><span style=\"font-family: 'Verdana','sans-serif';\"><span style=\"font-size: medium;\"><span style=\"font-size: 11pt; line-height: 200%; font-family: 'Verdana','sans-serif';\"><a href=\"https:\/\/www.baraka.cc\/images\/stories\/bandistatatilbitti14.JPG\" target=\"_blank\"><img decoding=\"async\" loading=\"lazy\" alt=\" \" src=\"https:\/\/www.baraka.cc\/images\/stories\/bandistatatilbitti14.JPG\" width=\"200\" height=\"133\" align=\"left\" border=\"2\" \/><\/a><\/span><\/span><\/span><\/span><em style=\"font-family: Georgia, 'Times New Roman', 'Bitstream Charter', Times, serif;\"><span style=\"font-family: 'Verdana','sans-serif';\"><br \/>\n<\/span><\/em><\/span><\/span><\/p>\n<p><span style=\"font-size: medium;\"><em><span style=\"font-family: 'Verdana','sans-serif';\">\u00a0\u00a0\u00a0\u00a0\u00a0\u00a0\u00a0\u00a0\u00a0\u00a0\u00a0\u00a0\u00a0\u00a0\u00a0\u00a0\u00a0\u00a0\u00a0\u00a0\u00a0\u00a0\u00a0\u00a0\u00a0\u00a0\u00a0\u00a0\u00a0\u00a0\u00a0\u00a0\u00a0\u00a0\u00a0\u00a0\u00a0\u00a0\u00a0 <\/span><\/em><\/span><em><span style=\"font-family: 'Verdana','sans-serif';\"><span style=\"font-size: medium;\">\u00a0<\/span><\/span><\/em><\/p>\n<p class=\"MsoNoSpacing\" style=\"margin: 0cm 0cm 0pt; line-height: 200%; text-align: justify;\"><span style=\"font-family: 'Verdana','sans-serif';\"><span style=\"font-size: medium;\"><a href=\"https:\/\/www.baraka.cc\/images\/stories\/bandistatatilbitti15.JPG\" target=\"_blank\"><img decoding=\"async\" loading=\"lazy\" alt=\" \" src=\"https:\/\/www.baraka.cc\/images\/stories\/bandistatatilbitti15.JPG\" width=\"200\" height=\"133\" align=\"left\" border=\"2\" \/><\/a><br \/>\n<\/span><\/span><\/p>\n<p><span style=\"font-family: 'Verdana','sans-serif';\"><span style=\"font-size: medium;\">\u00a0\u00a0\u00a0\u00a0\u00a0\u00a0\u00a0\u00a0\u00a0\u00a0\u00a0\u00a0\u00a0\u00a0\u00a0\u00a0\u00a0\u00a0\u00a0\u00a0\u00a0\u00a0\u00a0\u00a0\u00a0\u00a0\u00a0\u00a0\u00a0\u00a0\u00a0\u00a0\u00a0\u00a0 <\/span><\/span><em><span style=\"font-family: 'Verdana','sans-serif';\"><span style=\"font-size: medium;\">\u00a0<\/span><\/span><\/em><\/p>\n<p class=\"MsoNoSpacing\" style=\"margin: 0cm 0cm 0pt; line-height: 200%; text-align: justify;\"><strong><span style=\"font-family: 'Verdana','sans-serif';\"><span style=\"font-size: medium;\">\u00a0<\/span><\/span><\/strong><\/p>\n<p><strong><span style=\"font-family: 'Verdana','sans-serif';\"><span style=\"font-size: medium;\">\u00a0\u00a0\u00a0\u00a0\u00a0\u00a0\u00a0\u00a0\u00a0\u00a0\u00a0\u00a0\u00a0\u00a0\u00a0\u00a0\u00a0\u00a0\u00a0\u00a0\u00a0\u00a0\u00a0\u00a0\u00a0\u00a0\u00a0\u00a0\u00a0\u00a0\u00a0\u00a0\u00a0 <\/span><\/span><\/strong><\/p>\n<p class=\"MsoNoSpacing\" style=\"margin: 0cm 0cm 0pt; line-height: 200%; text-align: justify;\"><span style=\"font-family: 'Verdana','sans-serif';\"><span style=\"font-size: medium;\"><span style=\"font-size: 11pt; line-height: 200%; font-family: 'Verdana','sans-serif';\"><a href=\"https:\/\/www.baraka.cc\/images\/stories\/bandistatatilbitti16.JPG\" target=\"_blank\"><img decoding=\"async\" loading=\"lazy\" alt=\" \" src=\"https:\/\/www.baraka.cc\/images\/stories\/bandistatatilbitti16.JPG\" width=\"200\" height=\"133\" align=\"left\" border=\"2\" \/><\/a><\/span><span style=\"font-family: 'Verdana','sans-serif';\"><span style=\"font-size: medium;\">\u00a0 \u00a0 \u00a0 \u00a0 \u00a0 \u00a0 \u00a0 \u00a0 \u00a0 \u00a0 \u00a0 \u00a0 \u00a0 \u00a0 \u00a0 \u00a0 \u00a0 \u00a0 \u00a0 \u00a0 \u00a0 \u00a0 \u00a0 \u00a0 \u00a0 \u00a0 \u00a0 \u00a0 \u00a0<\/span><\/span><span style=\"font-family: 'Verdana','sans-serif';\"><span style=\"font-size: medium;\">\u00a0<\/span><\/span><\/span><\/span><\/p>\n<p class=\"MsoNoSpacing\" style=\"margin: 0cm 0cm 0pt; line-height: 200%; text-align: justify;\"><span style=\"font-size: medium; font-family: Verdana, sans-serif;\">\u00a0<\/span><\/p>\n<p><span style=\"font-family: 'Verdana','sans-serif';\"><span style=\"font-size: medium;\">\u00a0\u00a0\u00a0\u00a0\u00a0\u00a0\u00a0\u00a0\u00a0\u00a0\u00a0\u00a0\u00a0\u00a0\u00a0\u00a0\u00a0\u00a0\u00a0\u00a0\u00a0\u00a0\u00a0\u00a0\u00a0\u00a0\u00a0\u00a0\u00a0\u00a0\u00a0\u00a0\u00a0\u00a0\u00a0\u00a0\u00a0\u00a0\u00a0\u00a0\u00a0\u00a0\u00a0\u00a0\u00a0\u00a0\u00a0 \u00a0<\/span><\/span><span style=\"font-family: 'Verdana','sans-serif';\"><span style=\"font-size: medium;\">\u00a0<\/span><\/span><span style=\"font-family: 'Verdana','sans-serif';\"><span style=\"font-size: medium;\">\u00a0<\/span><\/span><\/p>\n","protected":false},"excerpt":{"rendered":"<p>&nbsp; Anti-militarist Bar\u0131\u015f Harekat\u0131 ger\u00e7ekle\u015ftirdikleri eylem ile Afrika gazetesi ile dayan\u0131\u015fmas\u0131n\u0131 belirtti.\u00a0Eylemde ayn\u0131 zamanda Afrika gazetesinin son zamanlarda Anti-militarist Bar\u0131\u015f Harekat\u0131na y\u00f6nelik yapt\u0131\u011f\u0131 yay\u0131nlarda ele\u015ftirildi.\u00a0Afrika<\/p>\n","protected":false},"author":1,"featured_media":0,"comment_status":"open","ping_status":"open","sticky":false,"template":"","format":"standard","meta":{"jetpack_post_was_ever_published":false,"_jetpack_newsletter_access":"","_jetpack_newsletter_tier_id":0,"jetpack_publicize_message":"","jetpack_is_tweetstorm":false,"jetpack_publicize_feature_enabled":true,"jetpack_social_post_already_shared":false,"jetpack_social_options":{"image_generator_settings":{"template":"highway","enabled":false}}},"categories":[54,24],"tags":[],"jetpack_publicize_connections":[],"jetpack_featured_media_url":"","jetpack_shortlink":"https:\/\/wp.me\/p4eHWX-fP","jetpack_sharing_enabled":true,"_links":{"self":[{"href":"https:\/\/baraka.cc\/index.php?rest_route=\/wp\/v2\/posts\/981"}],"collection":[{"href":"https:\/\/baraka.cc\/index.php?rest_route=\/wp\/v2\/posts"}],"about":[{"href":"https:\/\/baraka.cc\/index.php?rest_route=\/wp\/v2\/types\/post"}],"author":[{"embeddable":true,"href":"https:\/\/baraka.cc\/index.php?rest_route=\/wp\/v2\/users\/1"}],"replies":[{"embeddable":true,"href":"https:\/\/baraka.cc\/index.php?rest_route=%2Fwp%2Fv2%2Fcomments&post=981"}],"version-history":[{"count":4,"href":"https:\/\/baraka.cc\/index.php?rest_route=\/wp\/v2\/posts\/981\/revisions"}],"predecessor-version":[{"id":5380,"href":"https:\/\/baraka.cc\/index.php?rest_route=\/wp\/v2\/posts\/981\/revisions\/5380"}],"wp:attachment":[{"href":"https:\/\/baraka.cc\/index.php?rest_route=%2Fwp%2Fv2%2Fmedia&parent=981"}],"wp:term":[{"taxonomy":"category","embeddable":true,"href":"https:\/\/baraka.cc\/index.php?rest_route=%2Fwp%2Fv2%2Fcategories&post=981"},{"taxonomy":"post_tag","embeddable":true,"href":"https:\/\/baraka.cc\/index.php?rest_route=%2Fwp%2Fv2%2Ftags&post=981"}],"curies":[{"name":"wp","href":"https:\/\/api.w.org\/{rel}","templated":true}]}}