{"id":983,"date":"2010-08-27T09:08:40","date_gmt":"2010-08-27T07:08:40","guid":{"rendered":"https:\/\/baraka.cc\/?p=983"},"modified":"2014-01-03T09:09:10","modified_gmt":"2014-01-03T07:09:10","slug":"anti-militarist-bary-harekaty-polis-baskysyny-kynady-yildiramayacaksiniz","status":"publish","type":"post","link":"https:\/\/baraka.cc\/?p=983","title":{"rendered":"Anti-Militarist Bary? Harek\u00e2ty polis baskysyny kynady: YILDIRAMAYACAKSINIZ"},"content":{"rendered":"<p class=\"MsoNormal\" style=\"margin: 0cm 0cm 0pt; line-height: 200%; text-align: justify;\">\n<p><strong><span style=\"font-size: 11pt; line-height: 200%; font-family: 'Verdana','sans-serif';\">\u00a0\u00a0\u00a0 <\/span><\/strong><span style=\"font-size: 11pt; line-height: 200%; font-family: 'Verdana','sans-serif';\">\u00a0<\/span><\/p>\n<p class=\"MsoNormal\" style=\"margin: 0cm 0cm 0pt; line-height: 200%; text-align: justify;\"><span style=\"font-size: 11pt; line-height: 200%; font-family: 'Verdana','sans-serif';\"><a href=\"https:\/\/www.baraka.cc\/images\/stories\/bandistatatilbitti_polis1.JPG\" target=\"_blank\"><img decoding=\"async\" loading=\"lazy\" alt=\" \" src=\"https:\/\/www.baraka.cc\/images\/stories\/bandistatatilbitti_polis1.JPG\" width=\"200\" height=\"133\" align=\"left\" border=\"2\" \/><\/a>Anti-Militarist Bary? Harek\u00e2ty adyyla bir araya gelen Baraka K\u00fclt\u00fcr Merkezi, BKP Gen\u00e7lik, Do?a Dostlary Derne?i, Kybrysly Gen\u00e7lik Platformu, YKP Gen\u00e7lik ve ba?ymsyz gen\u00e7 aktivistler, 14 A?ustos 2010 Cumartesi g\u00fcn\u00fc \u201ctatildeki Ay?e\u201d temasy ile bir konser d\u00fczenlemi?ti.<\/span><\/p>\n<p><span style=\"font-size: 11pt; line-height: 200%; font-family: 'Verdana','sans-serif';\">\u00a0\u00a0\u00a0\u00a0\u00a0\u00a0\u00a0\u00a0\u00a0\u00a0\u00a0\u00a0\u00a0\u00a0\u00a0\u00a0\u00a0\u00a0\u00a0\u00a0\u00a0 \u00a0<\/span><\/p>\n<p class=\"MsoNormal\" style=\"margin: 0cm 0cm 0pt; line-height: 200%; text-align: justify;\"><span style=\"font-size: 11pt; line-height: 200%; font-family: 'Verdana','sans-serif';\">26 A?ustos 2010, Per?embe g\u00fcn\u00fc saat 14:00\u2019te \u00f6rg\u00fct temsilcilerinin katylymy ile konserin organizayonu \u00f6ncesi ve sonrasynda s\u00fcrmekte olan polisin tavryny kynamak amacyyla Polis Genel M\u00fcd\u00fcrl\u00fc?\u00fc \u00f6n\u00fcnde kitlesel bir basyn toplantysy d\u00fczenlendi. Basyn toplantysynda DA\u00dc-BYR-SEN ve KT\u00d6S de destek verdi\u2026<\/span><\/p>\n<p><span style=\"font-size: 11pt; line-height: 200%; font-family: 'Verdana','sans-serif';\">\u00a0\u00a0\u00a0\u00a0\u00a0\u00a0\u00a0\u00a0\u00a0\u00a0\u00a0\u00a0\u00a0\u00a0\u00a0\u00a0\u00a0\u00a0 <\/span><\/p>\n<p class=\"MsoNormal\" style=\"margin: 0cm 0cm 0pt; line-height: 200%; text-align: justify;\"><strong><em><span style=\"font-size: 11pt; line-height: 200%; font-family: 'Verdana','sans-serif';\">Basyn toplantysynda okunan metin ?\u00f6yle:<\/span><\/em><\/strong><\/p>\n<p><strong><em><span style=\"font-size: 11pt; line-height: 200%; font-family: 'Verdana','sans-serif';\">\u00a0\u00a0\u00a0\u00a0\u00a0\u00a0\u00a0\u00a0\u00a0\u00a0\u00a0\u00a0\u00a0\u00a0\u00a0\u00a0\u00a0\u00a0\u00a0 <\/span><\/em><\/strong><\/p>\n<p class=\"MsoNormal\" style=\"margin: 0cm 0cm 0pt; line-height: 200%; text-align: justify;\"><span style=\"font-size: 11pt; line-height: 200%; font-family: 'Verdana','sans-serif';\">14 A?ustos\u2019ta, Kybrys\u2019ta s\u00fcren i?galleri protesto etmek i\u00e7in bir konser d\u00fczenlemek amacyyla bir araya gelen Baraka K\u00fclt\u00fcr Merkezi, BKP Gen\u00e7lik Kollary, Do?a Dostlary Derne?i, Kybrysly Gen\u00e7lik Platformu ve YKP Gen\u00e7lik bu amacyna uygun, kitlesel, co?kulu katylymy y\u00fcksek bir etkinlik vermenin keyfini \u00e7ykarmaktadyr.<\/span><\/p>\n<p><span style=\"font-size: 11pt; line-height: 200%; font-family: 'Verdana','sans-serif';\">\u00a0\u00a0\u00a0\u00a0\u00a0\u00a0\u00a0\u00a0\u00a0\u00a0\u00a0\u00a0\u00a0\u00a0\u00a0\u00a0\u00a0\u00a0\u00a0\u00a0\u00a0\u00a0\u00a0\u00a0\u00a0 <\/span><\/p>\n<p class=\"MsoNormal\" style=\"margin: 0cm 0cm 0pt; line-height: 200%; text-align: justify;\"><span style=\"font-size: 11pt; line-height: 200%; font-family: 'Verdana','sans-serif';\">Gerginlikten uzak, herkesin farkyndalyklaryna saygyly, \u00e7aty?madan ka\u00e7ynan tavyrlarymyza ra?men Kybrys\u2019yn kuzeyindeki rejim tarafyndan konser \u00f6ncesi ba?latylan ve son d\u00f6nemde polis ter\u00f6r\u00fcne d\u00f6nen davrany?lar kabul edilemez&#8230;<\/span><\/p>\n<p><span style=\"font-size: 11pt; line-height: 200%; font-family: 'Verdana','sans-serif';\">\u00a0\u00a0\u00a0\u00a0\u00a0\u00a0\u00a0\u00a0\u00a0\u00a0\u00a0\u00a0\u00a0\u00a0\u00a0\u00a0\u00a0\u00a0\u00a0\u00a0\u00a0\u00a0 <\/span><\/p>\n<p class=\"MsoNormal\" style=\"margin: 0cm 0cm 0pt; line-height: 200%; text-align: justify;\"><span style=\"font-size: 11pt; line-height: 200%; font-family: 'Verdana','sans-serif';\"><a href=\"https:\/\/www.baraka.cc\/images\/stories\/bandistatatilbitti_polis2.JPG\" target=\"_blank\"><img decoding=\"async\" loading=\"lazy\" alt=\" \" src=\"https:\/\/www.baraka.cc\/images\/stories\/bandistatatilbitti_polis2.JPG\" width=\"200\" height=\"133\" align=\"left\" border=\"2\" \/><\/a>Her zamanki tavyrlaryndan zaten bahset \u00e7ok da anlamly de?ildir ama bir kez daha not d\u00fc?mek i\u00e7in s\u00f6yleyelim ki ileri teknoloji zoomlu foto?raf makineleri ile eylemlerin i\u00e7inde, 3-5 metreden yaptyklary fi?leme eylemleri bizi yyldyrmady, bundan sonra da etkisi kysytly olacaktyr. Ama kitlesel eylemlerin i\u00e7ine girip koca koca zoomlu foto?raf makineleriyle ger\u00e7ekle?tirdikleri provokasyonlaryna kontrol dy?y tepki olmasy halinde de, bunlaryn bize mal edilemeyece?ini bug\u00fcnden bir kez daha s\u00f6ylemek isteriz.<\/span><\/p>\n<p><span style=\"font-size: 11pt; line-height: 200%; font-family: 'Verdana','sans-serif';\">\u00a0\u00a0\u00a0\u00a0\u00a0\u00a0\u00a0\u00a0\u00a0\u00a0\u00a0\u00a0\u00a0\u00a0\u00a0\u00a0\u00a0\u00a0\u00a0\u00a0\u00a0\u00a0\u00a0\u00a0\u00a0\u00a0\u00a0\u00a0\u00a0 <\/span><\/p>\n<p class=\"MsoNormal\" style=\"margin: 0cm 0cm 0pt; line-height: 200%; text-align: justify;\"><span style=\"font-size: 11pt; line-height: 200%; font-family: 'Verdana','sans-serif';\">Ge\u00e7mi?te 1-2 sivlil giyimli polis memuru aracyly?y ile yapylan fi?lemelere artyk direk askerin Sivil Y?leri de dahil olmu?tur. Bunun yanynda Sivil Savunma ve TC El\u00e7ili?i istihbarat elemanlary da her eylemde cirit atmaktadyr. Her eylemde elini nere atsan kameraly bir \u201csivil\u201de \u00e7arpmasy muhtemeldir. Bu da, amacyn yalnyzca fi?lemek de?il taciz etmek, korkutmak, yyldyrmak oldu?unu g\u00f6steriyor ki buna kar?y t\u00fcm demokratik kitle \u00f6rg\u00fctlerini, siyasi partileri herkesin ifade \u00f6zg\u00fcrl\u00fc?\u00fcn\u00fc \u00f6zg\u00fcrce, basky altynda kalmadan, tehdit edilmeden kullanabilmesi i\u00e7in m\u00fccadele etmeye \u00e7a?yryyoruz\u2026<\/span><\/p>\n<p><span style=\"font-size: 11pt; line-height: 200%; font-family: 'Verdana','sans-serif';\">\u00a0\u00a0\u00a0\u00a0\u00a0\u00a0\u00a0\u00a0\u00a0\u00a0\u00a0\u00a0\u00a0\u00a0\u00a0\u00a0\u00a0\u00a0\u00a0\u00a0\u00a0\u00a0\u00a0\u00a0 <\/span><\/p>\n<p class=\"MsoNormal\" style=\"margin: 0cm 0cm 0pt; line-height: 200%; text-align: justify;\"><span style=\"font-size: 11pt; line-height: 200%; font-family: 'Verdana','sans-serif';\">Basky, tehdit yyldyrma i?leri yalnyzca bunlar de?ildir. Ba?kalary i\u00e7in su\u00e7 olmayan, dava a\u00e7maya gerek g\u00f6r\u00fcnmeyenler konular bu s\u00fcre\u00e7te su\u00e7 olmu? ve 2 arkada?ymyza dava a\u00e7ylmy?tyr.<\/span><\/p>\n<p><span style=\"font-size: 11pt; line-height: 200%; font-family: 'Verdana','sans-serif';\">\u00a0\u00a0\u00a0\u00a0\u00a0\u00a0\u00a0\u00a0\u00a0\u00a0\u00a0\u00a0\u00a0\u00a0\u00a0\u00a0\u00a0\u00a0\u00a0\u00a0 <\/span><\/p>\n<p class=\"MsoNormal\" style=\"margin: 0cm 0cm 0pt; line-height: 200%; text-align: justify;\"><span style=\"font-size: 11pt; line-height: 200%; font-family: 'Verdana','sans-serif';\">\u201cYetkili makamlardan izin almaksyzyn afi? asmak\u201d gerek\u00e7esi ile Nevzat Hami ve Eyy\u00fcp Sabih Benzetsel\u2019e dava okunmu?tur.<\/span><\/p>\n<p><span style=\"font-size: 11pt; line-height: 200%; font-family: 'Verdana','sans-serif';\">\u00a0\u00a0\u00a0\u00a0\u00a0\u00a0\u00a0\u00a0\u00a0\u00a0\u00a0\u00a0\u00a0\u00a0\u00a0\u00a0\u00a0\u00a0\u00a0\u00a0\u00a0\u00a0\u00a0\u00a0 \u00a0<\/span><\/p>\n<p class=\"MsoNormal\" style=\"margin: 0cm 0cm 0pt; line-height: 200%; text-align: justify;\"><span style=\"font-size: 11pt; line-height: 200%; font-family: 'Verdana','sans-serif';\"><a href=\"https:\/\/www.baraka.cc\/images\/stories\/bandistatatilbitti_polis3.JPG\" target=\"_blank\"><img decoding=\"async\" loading=\"lazy\" alt=\" \" src=\"https:\/\/www.baraka.cc\/images\/stories\/bandistatatilbitti_polis3.JPG\" width=\"200\" height=\"134\" align=\"left\" border=\"2\" \/><\/a>Yddia edilen su\u00e7 mahalli Dereboyu\u2019ydu. 11 A?ustos\u2019ta bildiri da?ytymy syrasynda bazy arkada?larymyzyn daha \u00f6nce afi? asylan yerlerin yanlaryna, 14 A?ustos\u2019ta d\u00fczenlenecek Bandista\u2019nyn da konser verece?i etkinli?inin afi?ini asmasyna kar?y \u201c<strong><span style=\"text-decoration: underline;\">bir kysym<\/span><\/strong>\u201d arkada?ymyza \u201cyetkili makamlardan izin almaksyzyn afi? asmak\u201d su\u00e7lamasy getirilerek dava a\u00e7ylmasy kara mizah \u00f6rne?inden ba?ka bir ?ey de?ildir. Benzer konser ve etkinlik poster ve benzeri basyly materyallerinin s\u00fcrekli ve yo?un olarak asyldy?y Dereboyundaki Caddeye afi? asmak ba?ka herhangi biri i\u00e7in \u201cyetkili makamlardan izin almaksyzyn afi? asmak\u201d su\u00e7lamasyny i\u00e7ermezken \u2013ki bizimle ayni g\u00fcn bizden ba?ymsyz ba?kalary ba?ka bir etkilili?in afi?i de asmaktaydylar, ayni yerlerin yanyna bizim asmamyzyn izin gerektirmesi ve olmady?y i\u00e7in dava a\u00e7ylmasynyn tek anlamy vardyr, <strong><span style=\"text-decoration: underline;\">polisin siyasal tercihi<\/span><\/strong>&#8230; Polis siyasi tercih yaparak taraf olmakta ve kasytly olarak basky uygulamak i\u00e7in bu dava s\u00fcrecini ba?latmaktadyr ama susaca?ymyzy d\u00fc?\u00fcn\u00fcrlerse yanylyrlar, bu eskimi? methodlar bizleri yyldyramaz\u2026<\/span><\/p>\n<p><span style=\"font-size: 11pt; line-height: 200%; font-family: 'Verdana','sans-serif';\">\u00a0\u00a0\u00a0\u00a0\u00a0\u00a0\u00a0\u00a0\u00a0\u00a0\u00a0\u00a0\u00a0\u00a0\u00a0\u00a0\u00a0\u00a0\u00a0\u00a0\u00a0\u00a0\u00a0\u00a0 <\/span><\/p>\n<p class=\"MsoNormal\" style=\"margin: 0cm 0cm 0pt; line-height: 200%; text-align: justify;\"><span style=\"font-size: 11pt; line-height: 200%; font-family: 'Verdana','sans-serif';\">Ancak s\u00fcre\u00e7 bununla da kalmady sonrasy resmen polis ter\u00f6r\u00fcne d\u00f6nd\u00fc ki buna da herkesin tepki vermesi gerekir. Yeni Kybrys Partisi Y\u00fcr\u00fctme Kurulu \u00fcyesi de olan, t\u00fcm kimlik bilgileri ve adresi poliste bulunan Nevzat Hami 2 dakikalyk ifade i\u00e7in 4 saat polis tarafyndan \u00f6zg\u00fcrl\u00fc?\u00fcnden mahrum byrakylmy?, fiili g\u00f6zalty ger\u00e7ekle?tirilmi?, sonrasynda da g\u00fcneye ge\u00e7i?i engellenmi?tir.<\/span><\/p>\n<p><span style=\"font-size: 11pt; line-height: 200%; font-family: 'Verdana','sans-serif';\">\u00a0\u00a0\u00a0\u00a0\u00a0\u00a0\u00a0\u00a0\u00a0\u00a0\u00a0\u00a0\u00a0\u00a0\u00a0\u00a0\u00a0\u00a0\u00a0\u00a0\u00a0\u00a0\u00a0\u00a0\u00a0\u00a0 <\/span><\/p>\n<p class=\"MsoNormal\" style=\"margin: 0cm 0cm 0pt; line-height: 200%; text-align: justify;\"><span style=\"font-size: 11pt; line-height: 200%; font-family: 'Verdana','sans-serif';\">18 A?ustos, \u00c7ar?amba g\u00fcn\u00fc saat 16:35 syralarynda Kermiya ge\u00e7i? noktasyndan g\u00fcneyden kuzeye ge\u00e7i? syrasynda Lefko?a Polis Merkezinden birilerinin gelip dava okuyaca?yny s\u00f6ylenerek, orda bulunan karakoluna alynan ve 5 dakika beklemesi s\u00f6ylenen Nevzat Hami burada bir bu\u00e7uk saatten fazla bekletilmi? hatta bu bekletme syrasynda karakol olarak kullanylan odadan sigara i\u00e7mek i\u00e7in bile dy?aryya \u00e7ykmasyna izin verilmemi?tir. Saat 18:10 civarlarynda \u2018<strong><span style=\"text-decoration: underline;\">aranan azyly su\u00e7luyu almaya geliyorlarmy?<\/span><\/strong>\u2019 gibi ikisi sivil giyimli 3 polis memuru gelip davanyn Lefko?a Polis Merkezinde okunaca?yny, oraya gidilmesi gerekti?i belirterek, Nevzat Hami\u2019yi polis nezaretinde saat 18:20 civarynda Lefko?a Polis Merkezine getirdiler. Buna ra?men ifadesi saat 20:20 civarynda alyndy, dava okundu ve serbest oldu?u s\u00f6ylendi ama serbestlik kuzey synyrlary i\u00e7in ge\u00e7erliydi. Ertesi g\u00fcn\u00fc i?e gitmek i\u00e7in g\u00fcneye ge\u00e7mesi gerekti?inden ayni gece saat 21 civarynda ge\u00e7i? noktasynda Nevzat Hami\u2019nin kendisinin yapty?y tespitte g\u00fcneye ge\u00e7i?inin yasak oldu?unu \u00f6?rendi, yani 4 saatten fazla \u00f6zg\u00fcrl\u00fc?\u00fc keyfi olarak engellenen Nevzat Hami\u2019nin rejimin yurtdy?y saydy?y g\u00fcneye ge\u00e7i?i de mahkeme karary olmaksyzyn engellendi. Daha sonra YKP Y\u00fcr\u00fctme Kurulu Sekreteri Murat Kanatly\u2019nyn durum tespiti i\u00e7in Lefko?a Polis M\u00fcd\u00fcrl\u00fc?\u00fc ziyareti syrasynda, bu engellemenin ge\u00e7ici oldu?u ve dava okunduktan sonra kalkty?y ama Polis\u2019in bilgisayar a?ynyn bu yeni durumu ge\u00e7i? noktasyndaki yetkililere aktarmasynda teknik sorun(!) oldu?u saat 23:30\u2019da n\u00f6bet\u00e7i polis amiri ile yapylan g\u00f6r\u00fc?mede belirtildi. Bu ziyaret syrasynda polis, hak ihlallerine devam etmi?, durum tespiti i\u00e7in i?lem yapan polislerin bilgisi rica edilmesine ra?men \u201cErcan \u00c7avu? deyin de herkes beni bilir\u201d denerek bilgiye ula?ma hakky da engellenmeye \u00e7aly?ylmy?tyr. Her resmi g\u00f6revlinin yapty?y i?leminin kar?yly?y ?ikayet edilebilmesi, ki?inin maruz kalaca?y k\u00f6t\u00fc muamelenin soru?turulma akybetini takip edebilmesi i\u00e7in kar?ysyndaki resmi yetkilinin kimli?ini a\u00e7yk olarak bilme hakky vardyr. Belli oluyor ki keyfilik, dayatmacylyk, zorbalyk, \u201cbize bir ?ey olmaz\u201d, \u201c?ikayet etseniz de bir ?ey olmaz\u201d tavyrlary polisteki t\u00fcm kesimlere sirayet etmi?tir. Meclis \u00f6n\u00fcndeki eylemlerde polislerin isimliklerini \u00e7ykarma emrini veren ayni zihniyettir. Bu, polisi denetlemeden ka\u00e7yrma yani polise \u201cne istersen yap, ben seni gizlerim, korurum\u201d diyen mantyktyr ki bu polis devleti olmanyn en b\u00fcy\u00fck kanytydyr. Polis sistematik olarak hak ve \u00f6zg\u00fcrl\u00fckleri \u00e7i?nemeyi, keyfi uygulamalar yapmayy daha syk adet edinmi?tir. Bu \u00e7ok ciddi tehlikeleri ihtiva etmektedir. Bu zihniyete kar?y m\u00fccadele edilmelidir.<\/span><\/p>\n<p><span style=\"font-size: 11pt; line-height: 200%; font-family: 'Verdana','sans-serif';\">\u00a0\u00a0\u00a0\u00a0\u00a0\u00a0\u00a0\u00a0\u00a0\u00a0\u00a0\u00a0\u00a0\u00a0\u00a0\u00a0\u00a0\u00a0\u00a0 <\/span><\/p>\n<p class=\"MsoNormal\" style=\"margin: 0cm 0cm 0pt; line-height: 200%; text-align: justify;\"><span style=\"font-size: 11pt; line-height: 200%; font-family: 'Verdana','sans-serif';\">18 A?ustos\u2019ta Nevzat Hami\u2019nin ya?ady?y s\u00fcre\u00e7le Ynsan Haklary Evrensel Beyannamesinin 9,11, 13 ve 19. Maddeleri a\u00e7yk\u00e7a ihlal edilmi?tir.<\/span><\/p>\n<p><span style=\"font-size: 11pt; line-height: 200%; font-family: 'Verdana','sans-serif';\">\u00a0\u00a0\u00a0\u00a0\u00a0\u00a0\u00a0\u00a0\u00a0\u00a0\u00a0\u00a0\u00a0\u00a0\u00a0\u00a0\u00a0\u00a0\u00a0\u00a0\u00a0\u00a0\u00a0\u00a0 <\/span><span style=\"font-size: 11pt; line-height: 200%; font-family: 'Verdana','sans-serif';\">\u00a0<\/span><\/p>\n<p class=\"MsoNormal\" style=\"margin: 0cm 0cm 0pt 35.4pt; line-height: 200%; text-align: justify;\"><strong><span style=\"font-size: 11pt; line-height: 200%; font-family: 'Verdana','sans-serif';\">Madde 9<\/span><\/strong><span style=\"font-size: 11pt; line-height: 200%; font-family: 'Verdana','sans-serif';\">&#8211; Hi\u00e7 kimse keyfi olarak yakalanamaz, tutuklanamaz ve s\u00fcrg\u00fcn edilemez.<\/span><\/p>\n<p><span style=\"font-size: 11pt; line-height: 200%; font-family: 'Verdana','sans-serif';\">\u00a0\u00a0\u00a0\u00a0\u00a0\u00a0\u00a0\u00a0\u00a0\u00a0\u00a0\u00a0 \u00a0<\/span><\/p>\n<p class=\"MsoNormal\" style=\"margin: 0cm 0cm 0pt 35.4pt; line-height: 200%; text-align: justify;\"><strong><span style=\"font-size: 11pt; line-height: 200%; font-family: 'Verdana','sans-serif';\">Madde 11 &#8211; 1<\/span><\/strong><span style=\"font-size: 11pt; line-height: 200%; font-family: 'Verdana','sans-serif';\">. Kendisine bir su\u00e7 y\u00fcklenen herkes, savunmasy i\u00e7in gerekli olan t\u00fcm g\u00fcvencelerin tanyndy?y a\u00e7yk bir yargylama sonunda, yasaya g\u00f6re su\u00e7lu oldu?u saptanmadyk\u00e7a, su\u00e7suz sayylyr<\/span><\/p>\n<p><span style=\"font-size: 11pt; line-height: 200%; font-family: 'Verdana','sans-serif';\">\u00a0\u00a0\u00a0\u00a0\u00a0\u00a0\u00a0\u00a0\u00a0\u00a0\u00a0\u00a0\u00a0\u00a0\u00a0\u00a0\u00a0\u00a0\u00a0 <\/span><\/p>\n<p class=\"MsoNormal\" style=\"margin: 0cm 0cm 0pt 35.4pt; line-height: 200%; text-align: justify;\"><strong><span style=\"font-size: 11pt; line-height: 200%; font-family: 'Verdana','sans-serif';\">Madde 13 &#8211; 1<\/span><\/strong><span style=\"font-size: 11pt; line-height: 200%; font-family: 'Verdana','sans-serif';\">. Herkesin bir devletin topraklary \u00fczerinde serbest\u00e7e dola?ma ve oturma hakky vardyr.<\/span><\/p>\n<p><span style=\"font-size: 11pt; line-height: 200%; font-family: 'Verdana','sans-serif';\">\u00a0\u00a0\u00a0\u00a0\u00a0\u00a0\u00a0\u00a0\u00a0\u00a0\u00a0\u00a0\u00a0\u00a0\u00a0\u00a0\u00a0\u00a0\u00a0 <\/span><\/p>\n<p class=\"MsoNormal\" style=\"margin: 0cm 0cm 0pt 35.4pt; line-height: 200%; text-align: justify;\"><span style=\"font-size: 11pt; line-height: 200%; font-family: 'Verdana','sans-serif';\">2. Herkes , kendi \u00fclkesi de dahil olmak \u00fczere, herhangi bir \u00fclkeden ayrylmak ve \u00fclkesine yeniden d\u00f6nmek hakkyna sahiptir.<\/span><\/p>\n<p><span style=\"font-size: 11pt; line-height: 200%; font-family: 'Verdana','sans-serif';\">\u00a0\u00a0\u00a0\u00a0\u00a0\u00a0\u00a0\u00a0\u00a0\u00a0\u00a0\u00a0\u00a0\u00a0\u00a0\u00a0\u00a0\u00a0 <\/span><\/p>\n<p class=\"MsoNormal\" style=\"margin: 0cm 0cm 0pt 35.4pt; line-height: 200%; text-align: justify;\"><strong><span style=\"font-size: 11pt; line-height: 200%; font-family: 'Verdana','sans-serif';\">Madde 19-<\/span><\/strong><span style=\"font-size: 11pt; line-height: 200%; font-family: 'Verdana','sans-serif';\"> Herkesin d\u00fc?\u00fcnce ve anlatym \u00f6zg\u00fcrl\u00fc?\u00fcne hakky vardyr. Bu hak d\u00fc?\u00fcncelerinden dolayy rahatsyz edilmemek, \u00fclke synyrlary s\u00f6z konusu olmaksyzyn, bilgi ve d\u00fc?\u00fcnceleri her yoldan ara?tyrmak, elde etmek ve yaymak hakkyny gerekli kylar.<\/span><\/p>\n<p><span style=\"font-size: 11pt; line-height: 200%; font-family: 'Verdana','sans-serif';\">\u00a0\u00a0\u00a0\u00a0\u00a0\u00a0\u00a0\u00a0\u00a0\u00a0\u00a0\u00a0\u00a0\u00a0\u00a0\u00a0\u00a0\u00a0\u00a0\u00a0\u00a0\u00a0 <\/span><span style=\"font-size: 11pt; line-height: 200%; font-family: 'Verdana','sans-serif';\">\u00a0<\/span><\/p>\n<p class=\"MsoNormal\" style=\"margin: 0cm 0cm 0pt; line-height: 200%; text-align: justify;\"><span style=\"font-size: 11pt; line-height: 200%; font-family: 'Verdana','sans-serif';\">Kimsenin mahkeme karary olmaksyzyn Kybrys\u2019yn kuzeyinden \u00e7yky?y engellenmemelidir, bu y\u00f6nde var olan d\u00fczenleme de varsa, polis tarafyndan bunun k\u00f6t\u00fcye kullanyldy?y anla?ylmaktadyr, polisteki bu keyfilik, siyasi tavyr alma, denetlemeden ka\u00e7ma halleri devam etti?i, polis devleti kurallary s\u00fcrd\u00fc?\u00fc s\u00fcrece polisin eline verilecek ucu a\u00e7yk yetkilerin polis tarafyndan k\u00f6t\u00fcye kullanylaca?y a\u00e7yktyr, ge\u00e7mi?te bununla ilgili bir\u00e7ok \u00f6rnek ya?anmy?tyr. Bu nedenle hak ve \u00f6zg\u00fcrl\u00fcklerimizin korunmasy i\u00e7in polisin keyfi tavry engellenmelidir, buna kar?y m\u00fccadelede kararlyyyz\u2026<\/span><\/p>\n<p><span style=\"font-size: 11pt; line-height: 200%; font-family: 'Verdana','sans-serif';\">\u00a0\u00a0\u00a0\u00a0\u00a0\u00a0\u00a0\u00a0\u00a0\u00a0\u00a0\u00a0\u00a0\u00a0\u00a0\u00a0\u00a0\u00a0\u00a0\u00a0\u00a0 <\/span><span style=\"font-size: 11pt; line-height: 200%; font-family: 'Verdana','sans-serif';\">\u00a0<\/span><\/p>\n<p class=\"MsoNormal\" style=\"margin: 0cm 0cm 0pt; line-height: 200%; text-align: justify;\"><span style=\"font-size: 11pt; line-height: 200%; font-family: 'Verdana','sans-serif';\">Bizler, Baraka K\u00fclt\u00fcr Merkezi, BKP Gen\u00e7lik Kollary, Do?a Dostlary Derne?i, Kybrysly Gen\u00e7lik Platformu ve YKP Gen\u00e7lik olarak ba?latty?ymyz m\u00fccadelelerimizi s\u00fcrd\u00fcrmekte kararlyyyz, hi\u00e7bir basky methodu bizi yyldyramaz.<\/span><\/p>\n<p><span style=\"font-size: 11pt; line-height: 200%; font-family: 'Verdana','sans-serif';\">\u00a0\u00a0\u00a0\u00a0\u00a0\u00a0\u00a0\u00a0\u00a0\u00a0\u00a0\u00a0\u00a0\u00a0\u00a0\u00a0\u00a0\u00a0 <\/span><\/p>\n<p class=\"MsoNormal\" style=\"margin: 0cm 0cm 0pt; line-height: 200%; text-align: justify;\"><span style=\"font-size: 11pt; line-height: 200%; font-family: 'Verdana','sans-serif';\">Bir kez daha s\u00f6yl\u00fcyoruz susmadyk, susturamayacaklar, m\u00fccadele s\u00fcr\u00fcyor, s\u00fcrd\u00fcrece?iz\u2026<\/span><\/p>\n<p><span style=\"font-size: 11pt; line-height: 200%; font-family: 'Verdana','sans-serif';\">\u00a0\u00a0\u00a0\u00a0\u00a0\u00a0\u00a0\u00a0\u00a0\u00a0\u00a0\u00a0\u00a0\u00a0\u00a0\u00a0\u00a0\u00a0\u00a0\u00a0\u00a0\u00a0 <\/span><strong><span style=\"font-size: 11pt; line-height: 200%; font-family: 'Verdana','sans-serif';\">\u00a0<\/span><\/strong><strong><span style=\"font-size: 11pt; line-height: 200%; font-family: 'Verdana','sans-serif';\">Anti-Militarist Bary? Harek\u00e2ty<\/span><\/strong><strong><em><span style=\"font-size: 11pt; line-height: 200%; font-family: 'Verdana','sans-serif';\">BKP Gen\u00e7lik, Do?a Dostlary Derne?i, Kybrysly Gen\u00e7lik Platformu, <\/span><\/em><\/strong><\/p>\n<p class=\"MsoNormal\" style=\"margin: 0cm 0cm 0pt; line-height: 200%; text-align: justify;\"><strong><em><span style=\"font-size: 11pt; line-height: 200%; font-family: 'Verdana','sans-serif';\">YKP Gen\u00e7lik ve ba?ymsyz gen\u00e7 aktivistler<\/span><\/em><\/strong><\/p>\n<p class=\"MsoNormal\" style=\"margin: 0cm 0cm 0pt; line-height: 200%; text-align: justify;\"><strong><em><span style=\"font-size: 11pt; line-height: 200%; font-family: 'Verdana','sans-serif';\">\u00a0\u00a0 <\/span><\/em><\/strong><\/p>\n<p class=\"MsoNormal\" style=\"margin: 0cm 0cm 0pt; line-height: 200%; text-align: justify;\"><span style=\"font-size: 11pt; line-height: 200%; font-family: 'Verdana','sans-serif';\"><a href=\"http:\/\/vimeo.com\/14501496\" target=\"_blank\">Video<\/a><\/span><\/p>\n","protected":false},"excerpt":{"rendered":"<p>\u00a0\u00a0\u00a0 \u00a0 Anti-Militarist Bary? Harek\u00e2ty adyyla bir araya gelen Baraka K\u00fclt\u00fcr Merkezi, BKP Gen\u00e7lik, Do?a Dostlary Derne?i, Kybrysly Gen\u00e7lik Platformu, YKP Gen\u00e7lik ve ba?ymsyz gen\u00e7<\/p>\n","protected":false},"author":1,"featured_media":0,"comment_status":"open","ping_status":"open","sticky":false,"template":"","format":"standard","meta":{"jetpack_post_was_ever_published":false,"_jetpack_newsletter_access":"","_jetpack_newsletter_tier_id":0,"jetpack_publicize_message":"","jetpack_is_tweetstorm":false,"jetpack_publicize_feature_enabled":true,"jetpack_social_post_already_shared":false,"jetpack_social_options":{"image_generator_settings":{"template":"highway","enabled":false}}},"categories":[54,24],"tags":[],"jetpack_publicize_connections":[],"jetpack_featured_media_url":"","jetpack_shortlink":"https:\/\/wp.me\/p4eHWX-fR","jetpack_sharing_enabled":true,"_links":{"self":[{"href":"https:\/\/baraka.cc\/index.php?rest_route=\/wp\/v2\/posts\/983"}],"collection":[{"href":"https:\/\/baraka.cc\/index.php?rest_route=\/wp\/v2\/posts"}],"about":[{"href":"https:\/\/baraka.cc\/index.php?rest_route=\/wp\/v2\/types\/post"}],"author":[{"embeddable":true,"href":"https:\/\/baraka.cc\/index.php?rest_route=\/wp\/v2\/users\/1"}],"replies":[{"embeddable":true,"href":"https:\/\/baraka.cc\/index.php?rest_route=%2Fwp%2Fv2%2Fcomments&post=983"}],"version-history":[{"count":0,"href":"https:\/\/baraka.cc\/index.php?rest_route=\/wp\/v2\/posts\/983\/revisions"}],"wp:attachment":[{"href":"https:\/\/baraka.cc\/index.php?rest_route=%2Fwp%2Fv2%2Fmedia&parent=983"}],"wp:term":[{"taxonomy":"category","embeddable":true,"href":"https:\/\/baraka.cc\/index.php?rest_route=%2Fwp%2Fv2%2Fcategories&post=983"},{"taxonomy":"post_tag","embeddable":true,"href":"https:\/\/baraka.cc\/index.php?rest_route=%2Fwp%2Fv2%2Ftags&post=983"}],"curies":[{"name":"wp","href":"https:\/\/api.w.org\/{rel}","templated":true}]}}