{"id":984,"date":"2010-08-29T09:10:02","date_gmt":"2010-08-29T07:10:02","guid":{"rendered":"https:\/\/baraka.cc\/?p=984"},"modified":"2014-01-03T09:10:32","modified_gmt":"2014-01-03T07:10:32","slug":"afrika-gazetesine-mektup","status":"publish","type":"post","link":"https:\/\/baraka.cc\/?p=984","title":{"rendered":"Afrika Gazetesi&#8217;ne Mektup"},"content":{"rendered":"<p class=\"MsoNoSpacing\" style=\"margin: 0cm 0cm 0pt; line-height: 200%; text-align: justify;\">\n<p class=\"MsoNoSpacing\" style=\"margin: 0cm 0cm 0pt; line-height: 200%; text-align: justify;\"><span><span style=\"font-family: 'Verdana','sans-serif';\"><strong><span style=\"font-size: medium;\">\u00a0\u00a0\u00a0 <\/span><\/strong>\u00a0<\/span><\/span><\/p>\n<p class=\"MsoNoSpacing\" style=\"margin: 0cm 0cm 0pt; line-height: 200%; text-align: justify;\">\n<p><span><span style=\"font-family: 'Verdana','sans-serif';\"><span style=\"font-size: medium;\">Sevgili Ali Osman;<\/span><\/span><\/span><\/p>\n<p class=\"MsoNoSpacing\" style=\"margin: 0cm 0cm 0pt; line-height: 200%; text-align: justify;\">\n<p><span><span><span style=\"font-family: 'Verdana','sans-serif';\"><span style=\"font-size: medium;\">\u00a0<\/span><\/span><\/span><\/span><\/p>\n<p class=\"MsoNoSpacing\" style=\"margin: 0cm 0cm 0pt; line-height: 200%; text-align: justify;\"><span><span><span><span style=\"font-family: 'Verdana','sans-serif';\"><span style=\"font-size: medium;\"><span style=\"font-size: 10pt; line-height: 115%; font-family: 'Verdana','sans-serif';\"><span style=\"font-family: 'Verdana','sans-serif';\"><span style=\"font-size: medium;\"><span style=\"font-family: Verdana;\"><span style=\"font-size: medium;\"><span style=\"font-family: Verdana;\"><span style=\"font-size: medium;\"><span style=\"font-size: 11pt; line-height: 150%; font-family: 'Verdana','sans-serif';\"><span style=\"font-size: 11pt; line-height: 150%; font-family: Verdana;\"><span style=\"font-family: 'Verdana','sans-serif';\"><span style=\"font-family: 'Verdana','sans-serif';\"><span style=\"font-family: 'Verdana','sans-serif';\"><span style=\"font-family: 'Verdana','sans-serif';\"><span><span><span style=\"font-family: 'Verdana','sans-serif';\"><span style=\"font-size: 11pt; line-height: 150%; font-family: 'Verdana','sans-serif';\"><span style=\"font-size: 11pt; line-height: 150%; font-family: 'Verdana','sans-serif';\"><span style=\"font-size: 10pt; line-height: 115%; font-family: 'Verdana','sans-serif';\"><span style=\"font-size: 10pt; line-height: 150%; font-family: 'Verdana','sans-serif';\"><span style=\"font-size: 10pt; line-height: 150%; font-family: 'Verdana','sans-serif';\"><img decoding=\"async\" loading=\"lazy\" alt=\" \" src=\"https:\/\/www.baraka.cc\/images\/stories\/konserbandista1.jpg\" width=\"200\" height=\"283\" align=\"left\" border=\"2\" \/><\/span><\/span><\/span><\/span><\/span><\/span><\/span><\/span><\/span><\/span><\/span><\/span><\/span><\/span><\/span><\/span><\/span><\/span><\/span><\/span><\/span>Anti-militarist Bary? Harekety\u2019nyn \u201cDikkat Askersiz B\u00f6lge\u201d konser-etkinli?inin ardyndan ger\u00e7ekle?tirilen toplantyda \u00f6rg\u00fctlerin ortakla?ty?y konulary not almak ve bir metin hazyrlamak ile g\u00f6revlendirildim. Ardyndan de?erlendirme metni olu?turulmu? ve bu metin yaygyn bir ?ekilde da?ytylmy?ty.<\/span><\/span><\/span><\/span><\/span><\/p>\n<p><span><span><span><span style=\"font-family: 'Verdana','sans-serif';\"><span style=\"font-size: medium;\"><span style=\"font-family: Arial;\">\u00a0\u00a0\u00a0\u00a0\u00a0\u00a0\u00a0\u00a0\u00a0\u00a0\u00a0\u00a0\u00a0\u00a0\u00a0\u00a0\u00a0\u00a0\u00a0\u00a0\u00a0\u00a0\u00a0\u00a0\u00a0\u00a0\u00a0\u00a0\u00a0\u00a0\u00a0\u00a0\u00a0\u00a0\u00a0\u00a0\u00a0\u00a0\u00a0\u00a0\u00a0\u00a0\u00a0\u00a0\u00a0\u00a0 <\/span>\u00a0<\/span><\/span><\/span><\/span><\/span><\/p>\n<p class=\"MsoNoSpacing\" style=\"margin: 0cm 0cm 0pt; line-height: 200%; text-align: justify;\"><span><span><span><span><span style=\"font-family: 'Verdana','sans-serif';\"><span style=\"font-size: medium;\">24 A?ustos Saly g\u00fcnk\u00fc gazetenizde metnin kendisini veya haberini vermek yerine k\u00f6?enizde ele?tirmeyi, g\u00fcn\u00fcn kahramany b\u00f6l\u00fcm\u00fcnde yazary i?nelemeyi ve Posta, posta, posta\u2026 kysmynda da dalga ge\u00e7meyi tercih etmi?siniz. Siz bilirsiniz\u2026<\/span><\/span><\/span><\/span><\/span><\/span><\/p>\n<p><span><span><span><span><span style=\"font-family: 'Verdana','sans-serif';\"><span style=\"font-size: medium;\">\u00a0\u00a0\u00a0\u00a0\u00a0\u00a0\u00a0\u00a0\u00a0\u00a0\u00a0\u00a0\u00a0\u00a0\u00a0\u00a0\u00a0\u00a0\u00a0\u00a0\u00a0\u00a0\u00a0\u00a0\u00a0\u00a0\u00a0\u00a0 <\/span><\/span><\/span><\/span><\/span><\/span><\/p>\n<p class=\"MsoNoSpacing\" style=\"margin: 0cm 0cm 0pt; line-height: 200%; text-align: justify;\"><span><span><span><span><span style=\"font-family: 'Verdana','sans-serif';\"><span style=\"font-size: medium;\">Fakat gazetenizde \u00e7ykan yazylaryn b\u00fct\u00fcnl\u00fc?\u00fcne bakyldy?ynda metinde yazylanlary tam olarak anla?ylmady?y ortaya \u00e7ykyyor. Bundan \u00f6t\u00fcr\u00fc birka\u00e7 mevzuya de?inme ihtiyacy hissettim.<\/span><\/span><\/span><\/span><\/span><\/span><\/p>\n<p><span><span><span><span><span style=\"font-family: 'Verdana','sans-serif';\"><span style=\"font-size: medium;\">\u00a0\u00a0\u00a0\u00a0\u00a0\u00a0\u00a0\u00a0\u00a0\u00a0\u00a0\u00a0\u00a0\u00a0\u00a0\u00a0\u00a0\u00a0\u00a0\u00a0\u00a0\u00a0\u00a0\u00a0\u00a0\u00a0\u00a0\u00a0\u00a0\u00a0\u00a0\u00a0\u00a0 <\/span><\/span><\/span><\/span><\/span><\/span><span><span><span><span><span style=\"font-family: 'Verdana','sans-serif';\"><span style=\"font-size: medium;\">\u00a0<\/span><\/span><\/span><\/span><\/span><\/span><\/p>\n<p class=\"MsoNoSpacing\" style=\"margin: 0cm 0cm 0pt; line-height: 200%; text-align: justify;\"><span><span><span><span><span style=\"font-family: 'Verdana','sans-serif';\"><span style=\"font-size: medium;\">\u201cBir yandan basyn g\u00f6rmezlikten geldi diye ?ikayet ediyorlar, bir yandan da \u201cAfrika\u201d g\u00f6rmezlikten gelmedi, man?etten verdi diye ?ikayet ediyorlar (\u2026 )Madem eylemlerinizin basynda yer almasyny istemiyorsunuz, yeraltyna inin, kimse duymasyn.\u201d Bunlary Posta\u2026 Posta\u2026 Posta\u2026 b\u00f6l\u00fcm\u00fcn\u00fczde yazmy?synyz.<\/span><\/span><\/span><\/span><\/span><\/span><\/p>\n<p><span><span><span><span><span style=\"font-family: 'Verdana','sans-serif';\"><span style=\"font-size: medium;\">\u00a0\u00a0\u00a0\u00a0\u00a0\u00a0\u00a0\u00a0\u00a0\u00a0\u00a0\u00a0\u00a0\u00a0\u00a0\u00a0\u00a0\u00a0\u00a0\u00a0\u00a0\u00a0\u00a0\u00a0\u00a0\u00a0\u00a0\u00a0\u00a0\u00a0\u00a0\u00a0\u00a0 \u00a0<\/span><\/span><\/span><\/span><\/span><\/span><span><span><span><span><span style=\"font-family: 'Verdana','sans-serif';\"><span style=\"font-size: medium;\">\u00a0<\/span><\/span><\/span><\/span><\/span><\/span><\/p>\n<p class=\"MsoNoSpacing\" style=\"margin: 0cm 0cm 0pt; line-height: 200%; text-align: justify;\"><span><span><span><span><span style=\"font-family: 'Verdana','sans-serif';\"><span style=\"font-size: medium;\">Medyanyn kitlelerin hafyzalaryny ?ekillendirebilece?ini ve hatta etkileyebilece?ini d\u00fc?\u00fcnd\u00fc?\u00fcm\u00fczde, bizlerin esas olarak medya ile ilgili iki konuda ?ikayetimiz vardy. Birisi medyanyn suskun, duymamazlyktan gelen yok sayama politikasy idi. Ki bu da bizce a\u00e7yk\u00e7a \u2018yukarydan\u2019 gelen talimatlar do?rultusunda b\u00f6yle olmu?tu. Ykincisi ise haberin verili? ?ekli idi. Daha \u00e7ok bunlardan ikincisi Afrika gazetesine y\u00f6nelik bir ele?tiri idi. Fakat burada yeniden hatyrlatmakta fayda var ki Yenid\u00fczen gazetesinde \u00e7ykmy? olan haberde de etkinlik politik anlam ve i\u00e7eri?i s\u00fcz\u00fclerek, tamamen magazinsel bir karakterde sunulmu?tu. Bu bakymdan bizler i\u00e7in \u2018yok sayma politikasy\u2019 da \u2018etkinli?in haberdeki temsili de\u2019 ayny \u00f6nemdedir. Bu bakymyn sizin haberi veri? bi\u00e7iminizle ilgili bazy sykyntylarymyz olmu?tur.<\/span><\/span><\/span><\/span><\/span><\/span><\/p>\n<p><span><span><span><span><span style=\"font-family: 'Verdana','sans-serif';\"><span style=\"font-size: medium;\">\u00a0\u00a0\u00a0\u00a0\u00a0\u00a0\u00a0\u00a0\u00a0\u00a0\u00a0\u00a0\u00a0\u00a0\u00a0\u00a0\u00a0\u00a0\u00a0\u00a0\u00a0\u00a0\u00a0\u00a0\u00a0\u00a0\u00a0\u00a0\u00a0\u00a0\u00a0\u00a0\u00a0\u00a0\u00a0\u00a0\u00a0\u00a0\u00a0\u00a0\u00a0\u00a0\u00a0\u00a0\u00a0 <\/span><\/span><\/span><\/span><\/span><\/span><span><span><span><span><span style=\"font-family: 'Verdana','sans-serif';\"><span style=\"font-size: medium;\">\u00a0<\/span><\/span><\/span><\/span><\/span><\/span><\/p>\n<p class=\"MsoNoSpacing\" style=\"margin: 0cm 0cm 0pt; line-height: 200%; text-align: justify;\"><span><span><span><span><span style=\"font-family: 'Verdana','sans-serif';\"><span style=\"font-size: medium;\">Haberin \u00f6zensiz yazyldy?yny, bunun da kullanylan foto?raflarynyn spotlarla tutarsyzlyk g\u00f6sterdi?inden veya sloganlaryn yanly? yazyldy?yndan anla?yldy?yny ge\u00e7iyorum. Bunun \u00fczerinde uzun uzadyya durmaya gerek yok. Bizim i\u00e7in esas mesele haberde kullanylan dil ve bunun olu?umuna zemin olan d\u00fc?\u00fcnsel arka plandy.<\/span><\/span><\/span><\/span><\/span><\/span><\/p>\n<p><span><span><span><span><span style=\"font-family: 'Verdana','sans-serif';\"><span style=\"font-size: medium;\">\u00a0\u00a0\u00a0\u00a0\u00a0\u00a0\u00a0\u00a0\u00a0\u00a0\u00a0\u00a0\u00a0\u00a0\u00a0\u00a0\u00a0\u00a0\u00a0\u00a0\u00a0\u00a0\u00a0\u00a0\u00a0\u00a0\u00a0\u00a0\u00a0\u00a0 \u00a0<\/span><\/span><\/span><\/span><\/span><\/span><span><span><span><span><span style=\"font-family: 'Verdana','sans-serif';\"><span style=\"font-size: medium;\">\u00a0<\/span><\/span><\/span><\/span><\/span><\/span><\/p>\n<p class=\"MsoNoSpacing\" style=\"margin: 0cm 0cm 0pt; line-height: 200%; text-align: justify;\"><span><span><span><span><span style=\"font-family: 'Verdana','sans-serif';\"><span style=\"font-size: medium;\">\u00d6ncelikle ?unlary belirtmekte fayda var: Selimiye Meydany\u2019nda ger\u00e7ekle?en konser \u00fclkemizde az rastlanan bir kitle co?kusu ve potansiyelinde ge\u00e7ti. Byrakyn korkuyu, insanlarda en ufak bir tedirginlik g\u00f6stergesi bile yoktu. Sloganlar atyldy, dans edildi, mar?lar s\u00f6ylendi\u2026 Bug\u00fcne dek \u201cLefko?a\u2019nyn i\u00e7inde hi\u00e7bir ?ey olmaz\u201d, \u201corasy kaybedilmi?tir artyk\u201d diyenler de aslynda Lefko?a\u2019nyn i\u00e7ersinde de \u2018bir ?eylerin\u2019 olabilece?ini ve de \u2018iyi bir ?eylerin\u2019 olabilece?ini g\u00f6rm\u00fc? ve anlamy? oldu. Daha bir \u00f6m\u00fcr korku tohumcuklaryny sulayarak ya?amak isteyenler varsa, artyk bilemiyoruz. \u00d6te yandan bizzat kitlenin i\u00e7inden ve sahneden T\u00fcrkiye ve Kybrys halklarynyn dayany?masyny ve ortak m\u00fccadelesini i\u00e7eren sloganlar atyldy ve konu?malar yapyldy. Alanda sadece Kybrysly Elenler veya Kybysly T\u00fcrkler de yoktu. T\u00fcrkiyeli g\u00f6\u00e7menler de alanda ?arkylara, sloganlara ve danslara e?lik ettikler\u2026 Bir di?er unsur da Bandista grubunun sahneden \u201cemniyetin bize atty?y sandy?y kazyk bir kyya?a d\u00f6n\u00fc?m\u00fc?t\u00fcr\u201d demesi idi. Bu tam da kitleyi bir o kadar daha heyecanlandyran ve co?kusunu neredeyse bir zafer co?kusuna y\u00fckselten etkiye neden oldu. Her ne kadar ada ya?ayanlar i\u00e7in o andan itibaren Selimiye Meydany\u2019nda konser vermenin sadece emniyetle inatla?maktan daha ba?ka anlary da varsa, Bandista grubu i\u00e7in de buna benzer bir anlam vardy. \u00c7\u00fcnk\u00fc hocalary -hatta bir yerde hepimizin hocasy- Ulus Baker\u2019in naa?y Selimiye Camisinden kaldyrylmy?ty.<\/span><\/span><\/span><\/span><\/span><\/span><\/p>\n<p><span><span><span><span><span style=\"font-family: 'Verdana','sans-serif';\"><span style=\"font-size: medium;\">\u00a0\u00a0\u00a0\u00a0\u00a0\u00a0\u00a0\u00a0\u00a0\u00a0\u00a0\u00a0\u00a0\u00a0\u00a0\u00a0\u00a0\u00a0\u00a0\u00a0\u00a0\u00a0\u00a0\u00a0\u00a0\u00a0\u00a0\u00a0\u00a0\u00a0\u00a0\u00a0\u00a0\u00a0\u00a0\u00a0\u00a0\u00a0\u00a0\u00a0\u00a0\u00a0\u00a0\u00a0\u00a0\u00a0\u00a0\u00a0\u00a0\u00a0\u00a0\u00a0 \u00a0<\/span><\/span><\/span><\/span><\/span><\/span><span><span><span><span><span style=\"font-family: 'Verdana','sans-serif';\"><span style=\"font-size: medium;\">\u00a0<\/span><\/span><\/span><\/span><\/span><\/span><\/p>\n<p class=\"MsoNoSpacing\" style=\"margin: 0cm 0cm 0pt; line-height: 200%; text-align: justify;\"><span><span><span><span><span style=\"font-family: 'Verdana','sans-serif';\"><span style=\"font-size: medium;\">?imdi konser boyunca ve ardyndan ya?anan bu olumlu, pozitif ve heyecan dolu atmosferin ardyndan kalkyp da \u201cSelimiye tuza?y\u201d diye man?et atmak ve bunun da i\u00e7ini \u2013halklaryn karde?li?i sloganynyn defalarca hep bir a?yzdan atyldy?y bir ortamda- \u2018T\u00fcrkiyelilerin yo?un oldu?u yerde\u2019 \u2018herhangi bir olayyn \u00e7ykmamasy\u2019 \u00fczerine in?a etmek, evet bizlerin t\u00fcylerini diken diken etmi?tir!<\/span><\/span><\/span><\/span><\/span><\/span><\/p>\n<p><span><span><span><span><span style=\"font-family: 'Verdana','sans-serif';\"><span style=\"font-size: medium;\">\u00a0\u00a0\u00a0\u00a0\u00a0\u00a0\u00a0\u00a0\u00a0\u00a0\u00a0\u00a0\u00a0\u00a0\u00a0\u00a0\u00a0\u00a0\u00a0\u00a0\u00a0\u00a0\u00a0\u00a0\u00a0\u00a0\u00a0\u00a0\u00a0\u00a0\u00a0\u00a0\u00a0\u00a0\u00a0\u00a0\u00a0\u00a0\u00a0\u00a0\u00a0\u00a0\u00a0\u00a0\u00a0\u00a0\u00a0\u00a0 <span>\u00a0\u00a0 <\/span><\/span><\/span><\/span><\/span><\/span><\/span><span><span><span><span><span style=\"font-family: 'Verdana','sans-serif';\"><span style=\"font-size: medium;\">\u00a0<\/span><\/span><\/span><\/span><\/span><\/span><span><span><span><span><span style=\"font-family: 'Verdana','sans-serif';\"><span style=\"font-size: medium;\">\u00a0<\/span><\/span><\/span><\/span><\/span><\/span><\/p>\n<p class=\"MsoNoSpacing\" style=\"margin: 0cm 0cm 0pt; line-height: 200%; text-align: justify;\"><span><span><span><span><span style=\"font-family: 'Verdana','sans-serif';\"><span style=\"font-size: medium;\">Yukaryda s\u00f6yledi?imin bir kez daha altyny \u00e7izmekte fayda var. Haberin verilmesi gibi haberin nasyl verildi?i de bizce \u00f6nemlidir. Haberinizde g\u00f6ze \u00e7arpan unsurlary kysaca saymak gerekirse:<\/span><\/span><\/span><\/span><\/span><\/span><\/p>\n<p><span><span><span><span><span style=\"font-family: 'Verdana','sans-serif';\"><span style=\"font-size: medium;\">\u00a0\u00a0\u00a0\u00a0\u00a0\u00a0\u00a0\u00a0\u00a0\u00a0\u00a0\u00a0\u00a0\u00a0\u00a0\u00a0\u00a0\u00a0\u00a0\u00a0\u00a0\u00a0\u00a0\u00a0\u00a0\u00a0\u00a0\u00a0\u00a0\u00a0\u00a0\u00a0\u00a0\u00a0\u00a0\u00a0\u00a0\u00a0\u00a0\u00a0\u00a0 <\/span><\/span><\/span><\/span><\/span><\/span><\/p>\n<p class=\"MsoNoSpacing\" style=\"margin: 0cm 0cm 0pt 36pt; text-indent: -18pt; line-height: 200%; text-align: justify;\"><span><span><span><span><span style=\"font-family: 'Verdana','sans-serif';\"><span><span style=\"font-size: medium;\">1.<\/span><span style=\"font: 7pt 'Times New Roman';\">\u00a0\u00a0 <\/span><\/span><\/span><span style=\"font-family: 'Verdana','sans-serif';\"><span style=\"font-size: medium;\">Haber tamamen \u2018\u00e7aty?ma\u2019 \u00fczerine kuruldu. Gerek \u2018Selimiye tuza?y\u2019 ba?ly?y gerekse de \u2018herhangi bir olay \u00e7ykmady\u2019 ibreleri bu savyn destekleyicisidir. Haber bir olay aryyormu? da bulamamy? gibi. Fakat asyl olay tam da kitlenin kendisi, oradaki enerji ve devrimci dinamizmdi. Fakat haberci \u2018T\u00fcrkiyeli n\u00fcfusun yo?un oldu?u yerde\u2019 olay ararken, esas olayy ka\u00e7yrmy?.<\/span><\/span><\/span><\/span><\/span><\/span><\/p>\n<p><span><span><span><span><span style=\"font-family: 'Verdana','sans-serif';\"><span style=\"font-size: medium;\">\u00a0\u00a0\u00a0\u00a0\u00a0\u00a0\u00a0\u00a0\u00a0\u00a0\u00a0\u00a0\u00a0\u00a0\u00a0\u00a0\u00a0\u00a0\u00a0\u00a0\u00a0\u00a0\u00a0\u00a0\u00a0\u00a0\u00a0\u00a0\u00a0\u00a0\u00a0\u00a0\u00a0\u00a0\u00a0\u00a0\u00a0\u00a0\u00a0\u00a0\u00a0\u00a0 <\/span><\/span><\/span><\/span><\/span><\/span><\/p>\n<p class=\"MsoNoSpacing\" style=\"margin: 0cm 0cm 0pt 36pt; text-indent: -18pt; line-height: 200%; text-align: justify;\"><span><span><span><span><span style=\"font-family: 'Verdana','sans-serif';\"><span><span style=\"font-size: medium;\">2.<\/span><span style=\"font: 7pt 'Times New Roman';\">\u00a0\u00a0 <\/span><\/span><\/span><span style=\"font-family: 'Verdana','sans-serif';\"><span style=\"font-size: medium;\">Bu \u2018\u00e7aty?ma\u2019 \u00fczerine kurulu haber ayny zamanda da \u00f6tekile?tiricidir de. \u00c7\u00fcnk\u00fc etkinli?in akty?y mekany \u2018T\u00fcrkiyelilerin yo?un oldu?u b\u00f6lge\u2019 diye kodlamak, bunu \u2018olay \u00e7ykmady\u2019 diye desteklemek oradaki g\u00f6\u00e7men n\u00fcfuzu bir anda kendinin dy?yna itmek ve \u00f6tekile?tirmek anlamyna gelmektedir. Daha da k\u00f6t\u00fcs\u00fc ve vahimi \u2018olay\u2019 \u00e7ykartacak olanlary g\u00f6\u00e7men n\u00fcfus olarak imlemektir. Bu daha da vahim bir adymdyr; ortada \u2018olay\u2019 dahi yokken g\u00f6\u00e7menleri fail olarak g\u00f6stermek.<\/span><\/span><\/span><\/span><\/span><\/span><\/p>\n<p><span><span><span><span><span style=\"font-family: 'Verdana','sans-serif';\"><span style=\"font-size: medium;\">\u00a0\u00a0\u00a0\u00a0\u00a0\u00a0\u00a0\u00a0\u00a0\u00a0\u00a0\u00a0\u00a0\u00a0\u00a0\u00a0\u00a0\u00a0\u00a0\u00a0\u00a0\u00a0\u00a0\u00a0\u00a0\u00a0\u00a0\u00a0\u00a0\u00a0\u00a0\u00a0\u00a0\u00a0\u00a0\u00a0\u00a0\u00a0\u00a0\u00a0\u00a0\u00a0\u00a0\u00a0\u00a0\u00a0\u00a0 <\/span><\/span><\/span><\/span><\/span><\/span><\/p>\n<p class=\"MsoNoSpacing\" style=\"margin: 0cm 0cm 0pt 36pt; text-indent: -18pt; line-height: 200%; text-align: justify;\"><span><span><span><span><span style=\"font-family: 'Verdana','sans-serif';\"><span><span style=\"font-size: medium;\">3.<\/span><span style=\"font: 7pt 'Times New Roman';\">\u00a0\u00a0 <\/span><\/span><\/span><span style=\"font-family: 'Verdana','sans-serif';\"><span style=\"font-size: medium;\">Bu iki unsur haberin genel karakterini belirleyen fakt\u00f6rlerdir. Fakat bunlaryn neden oldu?u bir ba?ka sonu\u00e7 daha vardyr ki, o da gazetenizdeki haberi neredeyse Yenid\u00fczen\u2019in haberi yapym ?ekline yakla?tyryyor. Nasyl ki Yenid\u00fczen haberi magazinselle?tirerek, etkinli?in esas karakterinin i\u00e7ini bo?altyrken, Afrika\u2019da t\u00fcm bu korku y\u00fckl\u00fc, \u00f6tekile?tirici ve \u00e7aty?macy dili i\u00e7erisinde haberin esas anlamyny arka plana atyyor.<\/span><\/span><\/span><\/span><\/span><\/span><\/p>\n<p><span><span><span><span><span style=\"font-family: 'Verdana','sans-serif';\"><span style=\"font-size: medium;\">\u00a0\u00a0\u00a0\u00a0\u00a0\u00a0\u00a0\u00a0\u00a0\u00a0\u00a0\u00a0\u00a0\u00a0\u00a0\u00a0\u00a0\u00a0\u00a0\u00a0\u00a0\u00a0\u00a0\u00a0\u00a0\u00a0\u00a0\u00a0\u00a0\u00a0\u00a0\u00a0\u00a0\u00a0\u00a0\u00a0\u00a0\u00a0\u00a0\u00a0\u00a0\u00a0\u00a0\u00a0\u00a0\u00a0\u00a0\u00a0\u00a0 \u00a0<\/span><\/span><\/span><\/span><\/span><\/span><\/p>\n<p class=\"MsoNoSpacing\" style=\"margin: 0cm 0cm 0pt 36pt; text-indent: -18pt; line-height: 200%; text-align: justify;\"><span><span><span><span><span style=\"font-family: 'Verdana','sans-serif';\"><span><span style=\"font-size: medium;\">4.<\/span><span style=\"font: 7pt 'Times New Roman';\">\u00a0\u00a0 <\/span><\/span><\/span><span style=\"font-family: 'Verdana','sans-serif';\"><span style=\"font-size: medium;\"><span>\u00a0<\/span>Afrika\u2019nyn haberi \u2018olay\u2019 arady?y i\u00e7in esas olayy ka\u00e7yrmy?tyr. \u00d6tekile?tirici karakterinden dolayy oradaki b\u00fct\u00fcnl\u00fc?\u00fc g\u00f6rememi?tir. Dahasy esas fail ve konserdeki esas hedef belli iken, Afrika ba?ka bir fail (hem de olmayan) yaratarak, oklary ba?ka tarafa, \u00f6tekile?tirdi?i tarafa \u00e7evirmi?tir. B\u00fct\u00fcn\u00fc g\u00f6rememi?tir ve olayy ka\u00e7yrmy?tyr \u00e7\u00fcnk\u00fc halkalaryn karde?li?inden ve kapitalizme, militarizme kar?y halklaryn ortak m\u00fccadelesi sloganlary atylyrken, haberci \u2018olay\u2019 aramy?tyr. G\u00f6\u00e7menleri \u00f6tekile?tirerek, olmayan bir fail yaratmy?tyr ve sahneden i?ret edilen esas failleri (Yngiltere, ABD , Yunanistan ve TC) g\u00f6rememi?tir haberci.<\/span><\/span><\/span><\/span><\/span><\/span><\/p>\n<p><span><span><span><span><span style=\"font-family: 'Verdana','sans-serif';\"><span style=\"font-size: medium;\">\u00a0\u00a0\u00a0\u00a0\u00a0\u00a0\u00a0\u00a0\u00a0\u00a0\u00a0\u00a0\u00a0\u00a0\u00a0\u00a0\u00a0\u00a0\u00a0\u00a0\u00a0\u00a0\u00a0\u00a0\u00a0\u00a0\u00a0\u00a0\u00a0\u00a0\u00a0\u00a0\u00a0\u00a0\u00a0\u00a0\u00a0\u00a0\u00a0 \u00a0<\/span><\/span><\/span><\/span><\/span><\/span><\/p>\n<p class=\"MsoNoSpacing\" style=\"margin: 0cm 0cm 0pt 36pt; text-indent: -18pt; line-height: 200%; text-align: justify;\"><span><span><span><span><span style=\"font-family: 'Verdana','sans-serif';\"><span><span style=\"font-size: medium;\">5.<\/span><span style=\"font: 7pt 'Times New Roman';\">\u00a0\u00a0 <\/span><\/span><\/span><span style=\"font-family: 'Verdana','sans-serif';\"><span style=\"font-size: medium;\">Habercinin t\u00fcm bu arayy?laryndan ve yaratymlaryndan dolayy konserin esas olay oldu?unu ve alandan y\u00fckselen mesajlary ka\u00e7yrmy?tyr. Dahasy alandaki t\u00fcm olumlu ve devrimci duygulanymlar haberinizde yerini k\u00f6t\u00fcmser ve sinik bir hissiyata aktarylmy? oldu. T\u00fcm bu haber dilinin ortasynda da Bandista\u2019nyn gelecek seneki etkinli?i Yavuz \u00c7ykartma\u2019da yapylmasy \u00f6nerisini yerle?tirmeniz arkada?lar tarafyndan garipsendi!<\/span><\/span><\/span><\/span><\/span><\/span><\/p>\n<p><span><span><span><span><span style=\"font-family: 'Verdana','sans-serif';\"><span style=\"font-size: medium;\">\u00a0\u00a0\u00a0\u00a0\u00a0\u00a0\u00a0\u00a0\u00a0\u00a0\u00a0\u00a0\u00a0\u00a0\u00a0\u00a0\u00a0\u00a0\u00a0\u00a0\u00a0\u00a0\u00a0\u00a0\u00a0\u00a0\u00a0\u00a0\u00a0\u00a0\u00a0\u00a0\u00a0\u00a0\u00a0\u00a0\u00a0\u00a0\u00a0\u00a0\u00a0\u00a0\u00a0 \u00a0<\/span><\/span><\/span><\/span><\/span><\/span><span><span><span><span><span style=\"font-family: 'Verdana','sans-serif';\"><span style=\"font-size: medium;\">\u00a0<\/span><\/span><\/span><\/span><\/span><\/span><\/p>\n<p class=\"MsoNoSpacing\" style=\"margin: 0cm 0cm 0pt; line-height: 200%; text-align: justify;\"><span><span><span><span><span style=\"font-family: 'Verdana','sans-serif';\"><span style=\"font-size: medium;\">Nitekim ahval ve ?erait budur. Unutmadan, g\u00fcn\u00fc gelince yeraltyna da \u00e7ekilece?iz elbet!<\/span><\/span><\/span><\/span><\/span><\/span><\/p>\n<p><span><span><span><span><span style=\"font-family: 'Verdana','sans-serif';\"><span style=\"font-size: medium;\">\u00a0\u00a0\u00a0\u00a0\u00a0\u00a0\u00a0\u00a0\u00a0\u00a0\u00a0\u00a0\u00a0\u00a0\u00a0\u00a0\u00a0\u00a0\u00a0\u00a0\u00a0\u00a0\u00a0\u00a0\u00a0\u00a0\u00a0\u00a0\u00a0\u00a0\u00a0\u00a0\u00a0\u00a0\u00a0\u00a0\u00a0\u00a0\u00a0\u00a0 <span>\u00a0 <\/span><\/span><\/span><\/span><\/span><\/span><\/span><span><span><span><span><span style=\"font-family: 'Verdana','sans-serif';\"><span style=\"font-size: medium;\">\u00a0<\/span><\/span><\/span><\/span><\/span><\/span><span><span><span><span><span style=\"font-family: 'Verdana','sans-serif';\"><span style=\"font-size: medium;\">Baraka K\u00fclt\u00fcr Merkezi aktivisti<\/span><\/span><\/span><\/span><\/span><\/span><span><span><span><span><span style=\"font-family: 'Verdana','sans-serif';\"><span style=\"font-size: medium;\">Hasan Yykycy<\/span><\/span><\/span><\/span><\/span><\/span><\/p>\n","protected":false},"excerpt":{"rendered":"<p>\u00a0\u00a0\u00a0 \u00a0 Sevgili Ali Osman; \u00a0 Anti-militarist Bary? Harekety\u2019nyn \u201cDikkat Askersiz B\u00f6lge\u201d konser-etkinli?inin ardyndan ger\u00e7ekle?tirilen toplantyda \u00f6rg\u00fctlerin ortakla?ty?y konulary not almak ve bir metin hazyrlamak<\/p>\n","protected":false},"author":1,"featured_media":0,"comment_status":"open","ping_status":"open","sticky":false,"template":"","format":"standard","meta":{"jetpack_post_was_ever_published":false,"_jetpack_newsletter_access":"","_jetpack_newsletter_tier_id":0,"jetpack_publicize_message":"","jetpack_is_tweetstorm":false,"jetpack_publicize_feature_enabled":true,"jetpack_social_post_already_shared":false,"jetpack_social_options":{"image_generator_settings":{"template":"highway","enabled":false}}},"categories":[54],"tags":[],"jetpack_publicize_connections":[],"jetpack_featured_media_url":"","jetpack_shortlink":"https:\/\/wp.me\/p4eHWX-fS","jetpack_sharing_enabled":true,"_links":{"self":[{"href":"https:\/\/baraka.cc\/index.php?rest_route=\/wp\/v2\/posts\/984"}],"collection":[{"href":"https:\/\/baraka.cc\/index.php?rest_route=\/wp\/v2\/posts"}],"about":[{"href":"https:\/\/baraka.cc\/index.php?rest_route=\/wp\/v2\/types\/post"}],"author":[{"embeddable":true,"href":"https:\/\/baraka.cc\/index.php?rest_route=\/wp\/v2\/users\/1"}],"replies":[{"embeddable":true,"href":"https:\/\/baraka.cc\/index.php?rest_route=%2Fwp%2Fv2%2Fcomments&post=984"}],"version-history":[{"count":1,"href":"https:\/\/baraka.cc\/index.php?rest_route=\/wp\/v2\/posts\/984\/revisions"}],"predecessor-version":[{"id":985,"href":"https:\/\/baraka.cc\/index.php?rest_route=\/wp\/v2\/posts\/984\/revisions\/985"}],"wp:attachment":[{"href":"https:\/\/baraka.cc\/index.php?rest_route=%2Fwp%2Fv2%2Fmedia&parent=984"}],"wp:term":[{"taxonomy":"category","embeddable":true,"href":"https:\/\/baraka.cc\/index.php?rest_route=%2Fwp%2Fv2%2Fcategories&post=984"},{"taxonomy":"post_tag","embeddable":true,"href":"https:\/\/baraka.cc\/index.php?rest_route=%2Fwp%2Fv2%2Ftags&post=984"}],"curies":[{"name":"wp","href":"https:\/\/api.w.org\/{rel}","templated":true}]}}