{"id":987,"date":"2010-08-24T09:11:49","date_gmt":"2010-08-24T07:11:49","guid":{"rendered":"https:\/\/baraka.cc\/?p=987"},"modified":"2014-01-03T09:12:27","modified_gmt":"2014-01-03T07:12:27","slug":"anti-militarist-bary-harekaty-karargahyndan-aye-pabucu-yarym-cyk-dyaryya-dans-edelim","status":"publish","type":"post","link":"https:\/\/baraka.cc\/?p=987","title":{"rendered":"Anti-Militarist Bary? Harekaty Karargahyndan: \u2018Ay?e\u2019 pabucu yarym \u00e7yk dy?aryya \u2018dans\u2019 edelim!"},"content":{"rendered":"<p class=\"MsoNoSpacing\" style=\"text-align: justify; line-height: 200%; margin: 0cm 0cm 0pt;\"><span style=\"font-family: 'Verdana','sans-serif';\"><span style=\"font-size: medium;\">\u00a0<\/span><\/span><\/p>\n<p class=\"MsoNoSpacing\" style=\"text-align: justify; line-height: 200%; margin: 0cm 0cm 0pt;\"><span style=\"font-family: 'Verdana','sans-serif';\"><span style=\"font-size: medium;\"><a href=\"https:\/\/www.baraka.cc\/images\/stories\/bandistatatilbitti4.JPG\" target=\"_blank\"><img decoding=\"async\" loading=\"lazy\" alt=\" \" src=\"https:\/\/www.baraka.cc\/images\/stories\/bandistatatilbitti4.JPG\" width=\"200\" height=\"105\" align=\"left\" border=\"2\" \/><\/a>Anti-militarist Bary? Harekaty\u2019nyn organize etti?i \u201cDikkat Askersiz B\u00f6lge\u201d konseri ge\u00e7ti?imiz Cumartesi ba?ary ile ger\u00e7ekle?tirildi. \u201cTatil bitti, Ay?e evine d\u00f6n\u201d temasy ile ger\u00e7ekle?tirilen etkinlikte syrasyyla Gommalar M\u00fczik Sava?\u00e7ylary, \u00d6zg\u00fcr, Sol Anahtary ve Bandista sahne aldy. Sahne alan gruplar ve ki?iler etkileyici performanslary ile i?gal kar?yty, anti-militarist ve anti-kapitalist sloganlara g\u00fc\u00e7 ve anlam kattylar.<\/span><\/span><\/p>\n<p><span style=\"font-family: 'Verdana','sans-serif';\"><span style=\"font-size: medium;\">\u00a0\u00a0\u00a0\u00a0\u00a0\u00a0\u00a0\u00a0\u00a0\u00a0\u00a0\u00a0\u00a0\u00a0\u00a0\u00a0\u00a0\u00a0\u00a0\u00a0\u00a0\u00a0\u00a0\u00a0\u00a0\u00a0\u00a0\u00a0 <\/span><\/span><span style=\"font-family: 'Verdana','sans-serif';\"><span style=\"font-size: medium;\"><span>\u00a0<\/span><\/span><\/span><\/p>\n<p class=\"MsoNoSpacing\" style=\"text-align: justify; line-height: 200%; margin: 0cm 0cm 0pt;\"><span style=\"font-family: 'Verdana','sans-serif';\"><span style=\"font-size: medium;\">T\u00fcrkiye\u2019den Kybrys\u2019a t\u00fcm k\u00fclt\u00fcrel, ideolojik ve dini anlam ve de?erlerin ithal edildi?i bir ortamda<span>\u00a0 <\/span>Bandista grubunun sahneden \u201cbiz buraya devrimcilik ithal etmek i\u00e7in de?il, buradaki devrimcilerle dayany?mak i\u00e7in geldik\u201d demesi enternasyonalist anlamda \u00f6nemli bir mesaj olmakla birlikte, Kybrys ve T\u00fcrkiye halklarynyn emperyalizme ve kapitalizme kar?y ortak m\u00fccadelesi anlamynda da ayry bir de?er ta?yyordu.<\/span><\/span><\/p>\n<p><span style=\"font-family: 'Verdana','sans-serif';\"><span style=\"font-size: medium;\">\u00a0\u00a0\u00a0\u00a0\u00a0\u00a0\u00a0\u00a0\u00a0\u00a0\u00a0\u00a0\u00a0\u00a0\u00a0\u00a0\u00a0\u00a0\u00a0\u00a0\u00a0\u00a0\u00a0\u00a0\u00a0\u00a0\u00a0\u00a0\u00a0\u00a0\u00a0\u00a0 <\/span><\/span><span style=\"font-family: 'Verdana','sans-serif';\"><span style=\"font-size: medium;\">\u00a0<\/span><\/span><\/p>\n<p class=\"MsoNoSpacing\" style=\"text-align: justify; line-height: 200%; margin: 0cm 0cm 0pt;\"><span style=\"font-family: 'Verdana','sans-serif';\"><span style=\"font-size: medium;\"><a href=\"https:\/\/www.baraka.cc\/images\/stories\/bandistatatilbitti11.JPG\" target=\"_blank\"><img decoding=\"async\" loading=\"lazy\" alt=\" \" src=\"https:\/\/www.baraka.cc\/images\/stories\/bandistatatilbitti11.JPG\" width=\"200\" height=\"139\" align=\"left\" border=\"2\" \/><\/a>Konserin \u00f6rg\u00fctlenme \u00e7aly?malary s\u00fcrerken iki arkada?ymyza afi? astyklary gerek\u00e7esiyle emniyet tarafyndan su\u00e7 duyurusunda bulunuldu. Ardyndan son dakikada emniyet ve kaymakamlyk tarafyndan konserin, Bary? Man\u00e7o Park\u2019ynda yapylmasy engellenerek Selimiye Meydany konser alany olarak g\u00f6sterildi. Konser, aktivistlerin yo?un \u00e7abalary sonucunda Selimiye Meydany\u2019nda ger\u00e7ekle?tirildi. Emniyet ve kaymakamly?yn t\u00fcm engelleme ve sabote etme \u00e7abalaryna ra?men konser muhte?em bir devrimci co?ku ve kitle potansiyeli e?li?inde ger\u00e7ekle?ti. Bandista grubu Kybrys ile ilgili yapty?y ?arkylaryny ilk kez seslendirdi. Kalabaly?yn atty?y i?gal kar?yty ve anti-kapitalist sloganlar sahneden y\u00fckselen ezgilere kary?arak ?ehrin sokaklarynda yankylandy. Egemenler tarafyndan uygulanmak istenen t\u00fcm basky ve korkutma giri?imlerine ra?men Selimiye Meydany\u2019nda insanlar ayaklaryny yere vura vura dans ettiler, \u00f6zg\u00fcrl\u00fc?\u00fcn ?arkylaryny s\u00f6ylediler\u2026<\/span><\/span><\/p>\n<p><span style=\"font-family: 'Verdana','sans-serif';\"><span style=\"font-size: medium;\">\u00a0\u00a0\u00a0\u00a0\u00a0\u00a0\u00a0\u00a0\u00a0\u00a0\u00a0\u00a0\u00a0\u00a0\u00a0\u00a0\u00a0\u00a0\u00a0\u00a0\u00a0\u00a0\u00a0\u00a0\u00a0\u00a0\u00a0\u00a0\u00a0\u00a0 <\/span><\/span><span style=\"font-family: 'Verdana','sans-serif';\"><span style=\"font-size: medium;\">\u00a0<\/span><\/span><\/p>\n<p class=\"MsoNoSpacing\" style=\"text-align: justify; line-height: 200%; margin: 0cm 0cm 0pt;\"><span style=\"font-family: 'Verdana','sans-serif';\"><span style=\"font-size: medium;\">Konserin hem \u00f6rg\u00fctleme s\u00fcrecinde hem de hemen ardyndan ya?ananlar egemen blo?un baskycy ve antidemokratik y\u00fcz\u00fcn\u00fc bir kez daha \u00e7yplak bir bi\u00e7imde g\u00f6stermi?tir. Farkly seslere tahamm\u00fcl edemeyenler veya bundan korkanlar bir yandan yyldyrma politikalary izlediler, di?er yandan da ba?ta medya aracyly?y ile g\u00f6rmemezlikten gelerek, yok saymaya \u00e7aly?tyrlar. Bu s\u00fcre\u00e7 i\u00e7erisinde yalnyzca birka\u00e7 unsur g\u00f6ze en fazla \u00e7arpanlardy:<\/span><\/span><\/p>\n<p><span style=\"font-family: 'Verdana','sans-serif';\"><span style=\"font-size: medium;\">\u00a0\u00a0\u00a0\u00a0\u00a0\u00a0\u00a0\u00a0\u00a0\u00a0\u00a0\u00a0\u00a0\u00a0\u00a0\u00a0\u00a0\u00a0\u00a0\u00a0\u00a0\u00a0\u00a0\u00a0\u00a0 <\/span><\/span><\/p>\n<p>&nbsp;<\/p>\n<p class=\"MsoNoSpacing\" style=\"text-align: justify; line-height: 200%; text-indent: -18pt; margin: 0cm 0cm 0pt 36pt;\"><span style=\"font-family: Symbol;\"><span><span style=\"font-size: medium;\">\u00b7<\/span><span style=\"font: 7pt 'Times New Roman';\">\u00a0\u00a0\u00a0\u00a0\u00a0\u00a0\u00a0\u00a0 <\/span><\/span><\/span><span style=\"font-family: 'Verdana','sans-serif';\"><span style=\"font-size: medium;\">Medyanyn g\u00f6rmemezlikten gelmesi! Sa?cy, milliyet\u00e7i medya odaklaryny ge\u00e7tik. Kendisini demokrasi ve bary? yanlysy olarak ifade eden, ba?ymsyz gazetecilik yapty?yny savunan medya odaklary dahi bu s\u00fcreci g\u00f6rmemezlikten gelerek, gazetelerinde ya hi\u00e7 yer vermediler ya da olayyn t\u00fcm politik i\u00e7eri?ini bo?altarak magazinsel bir unsura d\u00f6n\u00fc?t\u00fcrerek (Yenid\u00fczen gazetesi) verdiler. CTP\u2019nin kendisinin dy?ynda seslere ve farklylyklara tahamm\u00fcl edememesi ve adadaki i?gale kar?y bir tavyr alamamasy b\u00f6ylelikle yine kanytlanmy? oldu. Bu, her iki ko?ulda da medyanyn bu s\u00fcre\u00e7te synyfta kaldy?yny, hak odakly habercilik anlayy?y bir yana, etik kaygylar bile g\u00fctmedi?inin g\u00f6stergesidir. Fakat bu medyamyzyn alamet-i farikasynyn bir yany. \u00d6te tarafta ise Afrika gazetesinin haberi verme bi\u00e7imi var ki, okuyanlaryn t\u00fcylerini diken diken eder. Tamamen \u00e7aty?macy bir dil ile yazylan haber metni, konserin temsilini etkinlikte olay \u00e7ykmamasy \u00fczerinden i?liyor. Haberdeki \u201cT\u00fcrkiyelilerin yo?un bulundu?u b\u00f6lgede ger\u00e7ekle?en konser\u201d ve \u201colaysyz ge\u00e7ti\u201d ibreleri bir yandan T\u00fcrkiyelilere kar?y dy?layycy ve \u00f6tekile?tirici anlamlary ta?yrken \u00f6te yandan da konserin i\u00e7inde ta?ydy?y mesajla bire bir zytlyk g\u00fcd\u00fcyordu. Konserde halklaryn dayany?masy ve ortak m\u00fccadelesi mesajlary \u00f6n plana \u00e7ykarken, Afrika gazetesi sanki bunlar hi\u00e7 olmamy? gibi \u201cT\u00fcrkiyelilerin yo?un ya?ady?y b\u00f6lgedeki konser olaysyz ge\u00e7ti\u201d<span>\u00a0 <\/span>demeyi tercih etti. Di?er taraftan Bandista\u2019nyn enternasyonal dayany?ma mesajyny ve<span>\u00a0 <\/span>halklaryn karde?li?i vurgusunu \u00f6ne \u00e7ykarmayyp gelecek<span>\u00a0 <\/span>14 A?ustos ile ilgili \u00f6nerisini \u00f6n plana \u00e7ykarmasy ve t\u00fcm karamsar ve k\u00f6t\u00fcmser haber dilinin ortasynda buna -hedef g\u00f6sterircesine- yer vermesi \u00e7evremizce rahatsyzly?a sebebiyet vermi?tir. Di?er taraftan ise haberdeki foto?raflar ile spotlaryn bir birini tutmamasy, G\u00fcn\u00fcn Kahramany b\u00f6l\u00fcm\u00fcnde Bandista yazyp Sol Anahtarynyn foto?rafynyn \u00e7ykmasy habercilik sorumlulu?unun ne kadar \u00f6nemsendi?ini sergilemektedir. Di?er bir nokta ise Afrika Gazetesinin organizat\u00f6r \u00f6rg\u00fctlere yer vermesine ra?men KGP ve Do?a Dostlary Derne?ini haberin dy?ynda byrakmasydyr. \u00dcz\u00fcc\u00fc olan bire di?er unsur ise etkinli?in ana sloganlaryndan biri olan \u201cAnkara elini yakamyzdan \u00e7ek\u201d sloganyny gazetenin yanly? yazmy? olmasydyr. <\/span><\/span><\/p>\n<p><span style=\"font-family: 'Verdana','sans-serif';\"><span style=\"font-size: medium;\">\u00a0\u00a0\u00a0\u00a0\u00a0\u00a0\u00a0\u00a0\u00a0\u00a0\u00a0\u00a0\u00a0\u00a0\u00a0\u00a0\u00a0\u00a0\u00a0 <\/span><\/span><\/p>\n<p class=\"MsoNoSpacing\" style=\"text-align: justify; line-height: 200%; margin: 0cm 0cm 0pt 36pt;\"><span style=\"font-family: 'Verdana','sans-serif';\"><span style=\"font-size: medium;\">Bizler her iki durumda da<strong> (hem yok saymak hem de haberi \u00f6zensiz ve i\u00e7inin bo?latylarak verilmesinde)<\/strong> bunun gazetecinin, muhabirin hatasy olabilece?ini d\u00fc?\u00fcnm\u00fcyoruz. Bunun tamamen bilerek ve isteyerek, edit\u00f6ryal bir tercih veya yukarydan gelen bir talimatyn sonucunda<span>\u00a0 <\/span>oldu?unu d\u00fc?\u00fcnmekteyiz.<\/span><\/span><\/p>\n<p><span style=\"font-family: 'Verdana','sans-serif';\"><span style=\"font-size: medium;\">\u00a0\u00a0\u00a0\u00a0\u00a0\u00a0\u00a0\u00a0\u00a0\u00a0\u00a0\u00a0\u00a0\u00a0\u00a0\u00a0\u00a0\u00a0\u00a0\u00a0\u00a0\u00a0\u00a0\u00a0\u00a0 <\/span><\/span><span style=\"font-family: 'Verdana','sans-serif';\"><span style=\"font-size: medium;\">\u00a0<\/span><\/span><\/p>\n<p class=\"MsoNoSpacing\" style=\"text-align: justify; line-height: 200%; text-indent: -18pt; margin: 0cm 0cm 0pt 36pt;\"><span style=\"font-family: Symbol;\"><span><span style=\"font-size: medium;\">\u00b7<\/span><span style=\"font: 7pt 'Times New Roman';\">\u00a0\u00a0\u00a0\u00a0\u00a0\u00a0\u00a0\u00a0 <\/span><\/span><\/span><span style=\"font-family: 'Verdana','sans-serif';\"><span style=\"font-size: medium;\">Medyamyzyn zat-y muhteremlerden aldy?y talimatlar do?rultusunda \u2018g\u00f6revini\u2019 ba?ary ile yerine getirmesi tek ba?yna yeterli olamazdy ku?kusuz. Polis, emniyet ve kaymakamlyk da \u2018g\u00f6rev\u2019 ba?yndaydy. Konserden \u00f6nce ger\u00e7ekle?tirilen \u201cDereboyu y\u00fcr\u00fcy\u00fc?\u00fcnde\u201d iki arkada?ymyz afi? astyklary gerek\u00e7esi ile ertesi g\u00fcn polis karakoluna \u00e7a?rylarak haklarynda su\u00e7 duyurusunda bulunuldu. UBP h\u00fck\u00fcmeti \u2018i? ba?yna\u2019 geldi geleli demokrat ve devrimci kesimler \u00fczerinde uygulanan soru?turma ve dava ter\u00f6r\u00fc yine egemenler tarafyndan bir basky ve yyldyrma aracy olarak kar?ymyza \u00e7ykartyldy. Di?er bir yyldyrma unsuru ise son dakikada Kaymakamly?yn Bary? Man\u00e7o Park\u2019ynda \u2018meskun mahal\u2019 gerek\u00e7esi ile konserin yapylmasyny yasaklayarak, yer olarak Selimiye Meydany\u2019ny g\u00f6stermesiydi. Bir yandan son g\u00fcn konserin yapylaca?y yerin duyurularyny yenilemeye \u00e7aly?yrken di?er yandan da Ramazan ayyndan dolayy konserin saatinin ileriye alynmasy organizasyonda aksamalara neden olsa da yine de egemenler ama\u00e7laryna ula?amadylar. Konser camide kylynan namazdan sonra, Selimiye Meydany\u2019nda co?kuyla ger\u00e7ekle?tirildi. Hatta \u2018emniyetin bize atty?yny sandy?y kazyk kyya?a bile d\u00f6n\u00fc?m\u00fc?t\u00fc!\u2019<\/span><\/span><\/p>\n<p><span style=\"font-family: 'Verdana','sans-serif';\"><span style=\"font-size: medium;\">\u00a0\u00a0\u00a0\u00a0\u00a0\u00a0\u00a0\u00a0\u00a0\u00a0\u00a0\u00a0\u00a0\u00a0\u00a0\u00a0\u00a0\u00a0\u00a0\u00a0\u00a0\u00a0\u00a0\u00a0\u00a0\u00a0\u00a0\u00a0\u00a0\u00a0\u00a0 \u00a0<\/span><\/span><span style=\"font-family: 'Verdana','sans-serif';\"><span style=\"font-size: medium;\">\u00a0<\/span><\/span><\/p>\n<p class=\"MsoNoSpacing\" style=\"text-align: justify; line-height: 200%; margin: 0cm 0cm 0pt;\"><span style=\"font-family: 'Verdana','sans-serif';\"><span style=\"font-size: medium;\"><span style=\"font-family: 'Verdana','sans-serif';\"><span style=\"font-size: medium;\"><a href=\"https:\/\/www.baraka.cc\/images\/stories\/bandistatatilbitti10.JPG\" target=\"_blank\"><img decoding=\"async\" loading=\"lazy\" alt=\" \" src=\"https:\/\/www.baraka.cc\/images\/stories\/bandistatatilbitti10.JPG\" width=\"200\" height=\"150\" align=\"left\" border=\"2\" \/><\/a><\/span><\/span>Velhasyl kelam bir 14 A?ustos daha geride kaldy Bizler gelecek sene 14 A?ustosta da yine meydanlarda olaca?yz. Ayaklarymyzy yerlere vura vura dans edecek, avazymyz \u00e7ykty?y kadar sloganlarymyzy atacak, \u00f6zg\u00fcrl\u00fc?\u00fcn ?arkylaryna e?lik edece?iz.<\/span><\/span><\/p>\n<p><span style=\"font-family: 'Verdana','sans-serif';\"><span style=\"font-size: medium;\">\u00a0\u00a0\u00a0\u00a0\u00a0\u00a0\u00a0\u00a0\u00a0\u00a0\u00a0\u00a0\u00a0\u00a0\u00a0\u00a0\u00a0\u00a0\u00a0\u00a0\u00a0\u00a0\u00a0\u00a0\u00a0 <\/span><\/span><span style=\"font-family: 'Verdana','sans-serif';\"><span style=\"font-size: medium;\">\u00a0<\/span><\/span><\/p>\n<p class=\"MsoNoSpacing\" style=\"text-align: justify; line-height: 200%; margin: 0cm 0cm 0pt;\"><span style=\"font-family: 'Verdana','sans-serif';\"><span style=\"font-size: medium;\"><span>\u00a0<\/span>Hani o t\u00fcrk\u00fcde diyordu ya \u201chalk isyany co?tuk\u00e7a askerler ka\u00e7ar oldu.\u201d Y?te tam da \u00f6yle\u2026<\/span><\/span><\/p>\n<p><span style=\"font-family: 'Verdana','sans-serif';\"><span style=\"font-size: medium;\">\u00a0\u00a0\u00a0\u00a0\u00a0\u00a0\u00a0\u00a0\u00a0\u00a0\u00a0\u00a0\u00a0\u00a0\u00a0\u00a0\u00a0\u00a0\u00a0\u00a0\u00a0\u00a0\u00a0\u00a0 <\/span><\/span><span style=\"font-family: 'Verdana','sans-serif';\"><span style=\"font-size: medium;\">\u00a0<\/span><\/span><\/p>\n<p class=\"MsoNoSpacing\" style=\"text-align: justify; line-height: 200%; margin: 0cm 0cm 0pt;\"><span style=\"font-family: 'Verdana','sans-serif';\"><span style=\"font-size: medium;\">Not: Bu vesile ile en syky?yk zamanymyzda bizlere yeri doldurulamaz katkylar yapan b\u00f6lgedeki Galif Meyhanesi ve HASDER\u2019e \u00e7ok te?ekk\u00fcr ederiz.<\/span><\/span><\/p>\n<p><span style=\"font-family: 'Verdana','sans-serif';\"><span style=\"font-size: medium;\">\u00a0\u00a0\u00a0\u00a0\u00a0\u00a0\u00a0\u00a0\u00a0\u00a0\u00a0\u00a0\u00a0\u00a0\u00a0\u00a0\u00a0\u00a0\u00a0\u00a0\u00a0\u00a0\u00a0\u00a0\u00a0\u00a0\u00a0\u00a0\u00a0\u00a0\u00a0\u00a0\u00a0\u00a0\u00a0\u00a0\u00a0\u00a0\u00a0\u00a0\u00a0\u00a0\u00a0\u00a0<\/span><\/span><span style=\"font-family: 'Verdana','sans-serif';\"><span style=\"font-size: medium;\">\u00a0<\/span><\/span><span style=\"font-family: 'Verdana','sans-serif';\"><span style=\"font-size: medium;\">\u00a0<\/span><\/span><span style=\"font-family: 'Verdana','sans-serif';\"><span style=\"font-size: medium;\">\u00a0<\/span><\/span><span style=\"font-family: 'Verdana','sans-serif';\"><span style=\"font-size: medium;\"><span>\u00a0\u00a0\u00a0\u00a0\u00a0\u00a0\u00a0\u00a0\u00a0\u00a0\u00a0<\/span><\/span><\/span><\/p>\n<p><span style=\"font-family: 'Verdana','sans-serif';\"><span style=\"font-size: medium;\"><span>\u00a0\u00a0\u00a0\u00a0\u00a0\u00a0\u00a0\u00a0\u00a0\u00a0\u00a0\u00a0\u00a0\u00a0\u00a0\u00a0\u00a0\u00a0\u00a0\u00a0\u00a0\u00a0\u00a0\u00a0\u00a0\u00a0\u00a0\u00a0\u00a0\u00a0\u00a0\u00a0\u00a0\u00a0<\/span><strong><span>A<\/span><\/strong><\/span><span><span style=\"font-size: medium;\"><strong>nti-Militarist Bary? Harekaty<\/strong><\/span><\/span><strong><span style=\"font-size: medium;\">(a)<span>\u00a0 <\/span><\/span><\/strong><\/span><\/p>\n<p class=\"MsoNoSpacing\" style=\"text-align: justify; line-height: 200%; margin: 0cm 0cm 0pt 360pt;\"><span style=\"font-family: 'Verdana','sans-serif';\"><span style=\"font-size: medium;\"><span>\u00a0\u00a0\u00a0\u00a0\u00a0\u00a0\u00a0\u00a0\u00a0\u00a0\u00a0\u00a0\u00a0\u00a0\u00a0\u00a0 <\/span>Hasan Yykycy<\/span><\/span><\/p>\n<p><span style=\"font-family: 'Verdana','sans-serif';\"><span style=\"font-size: medium;\">\u00a0\u00a0\u00a0\u00a0\u00a0\u00a0\u00a0\u00a0\u00a0\u00a0\u00a0\u00a0\u00a0\u00a0 <\/span><\/span><span style=\"font-family: 'Verdana','sans-serif';\"><span style=\"font-size: medium;\">\u00a0<\/span><\/span><span style=\"font-family: 'Verdana','sans-serif';\"><span style=\"font-size: medium;\">\u00a0<\/span><\/span><\/p>\n<p class=\"MsoNoSpacing\" style=\"text-align: justify; line-height: 200%; margin: 0cm 0cm 0pt;\"><span style=\"font-size: medium;\"><strong><span style=\"font-family: 'Verdana','sans-serif';\">Anti-Militarist Bary? Harekaty: <\/span><\/strong><span style=\"font-family: 'Verdana','sans-serif';\">Baraka K\u00fclt\u00fcr Merkezi, BKP Gen\u00e7lik, KGP, YKP<span>\u00a0 <\/span>Gen\u00e7lik, Do?a Dostlary Derne?i<\/span><\/span><\/p>\n<p><span style=\"font-size: medium;\"><span style=\"font-family: 'Verdana','sans-serif';\">\u00a0\u00a0\u00a0\u00a0\u00a0\u00a0\u00a0\u00a0\u00a0\u00a0\u00a0\u00a0\u00a0\u00a0\u00a0\u00a0\u00a0\u00a0\u00a0\u00a0\u00a0\u00a0\u00a0\u00a0\u00a0\u00a0\u00a0\u00a0\u00a0\u00a0\u00a0\u00a0\u00a0\u00a0\u00a0\u00a0\u00a0\u00a0\u00a0\u00a0\u00a0 <\/span><\/span><span style=\"font-family: 'Verdana','sans-serif';\"><span style=\"font-size: medium;\">\u00a0<\/span><\/span><span style=\"font-family: 'Verdana','sans-serif';\"><span style=\"font-size: medium;\"><span>\u00a0\u00a0\u00a0 <\/span><\/span><\/span><span style=\"font-family: 'Verdana','sans-serif';\"><span style=\"font-size: medium;\">\u00a0<\/span><\/span><\/p>\n","protected":false},"excerpt":{"rendered":"<p>\u00a0 Anti-militarist Bary? Harekaty\u2019nyn organize etti?i \u201cDikkat Askersiz B\u00f6lge\u201d konseri ge\u00e7ti?imiz Cumartesi ba?ary ile ger\u00e7ekle?tirildi. \u201cTatil bitti, Ay?e evine d\u00f6n\u201d temasy ile ger\u00e7ekle?tirilen etkinlikte syrasyyla<\/p>\n","protected":false},"author":1,"featured_media":0,"comment_status":"open","ping_status":"open","sticky":false,"template":"","format":"standard","meta":{"jetpack_post_was_ever_published":false,"_jetpack_newsletter_access":"","_jetpack_newsletter_tier_id":0,"jetpack_publicize_message":"","jetpack_is_tweetstorm":false,"jetpack_publicize_feature_enabled":true,"jetpack_social_post_already_shared":false,"jetpack_social_options":{"image_generator_settings":{"template":"highway","enabled":false}}},"categories":[54],"tags":[],"jetpack_publicize_connections":[],"jetpack_featured_media_url":"","jetpack_shortlink":"https:\/\/wp.me\/p4eHWX-fV","jetpack_sharing_enabled":true,"_links":{"self":[{"href":"https:\/\/baraka.cc\/index.php?rest_route=\/wp\/v2\/posts\/987"}],"collection":[{"href":"https:\/\/baraka.cc\/index.php?rest_route=\/wp\/v2\/posts"}],"about":[{"href":"https:\/\/baraka.cc\/index.php?rest_route=\/wp\/v2\/types\/post"}],"author":[{"embeddable":true,"href":"https:\/\/baraka.cc\/index.php?rest_route=\/wp\/v2\/users\/1"}],"replies":[{"embeddable":true,"href":"https:\/\/baraka.cc\/index.php?rest_route=%2Fwp%2Fv2%2Fcomments&post=987"}],"version-history":[{"count":2,"href":"https:\/\/baraka.cc\/index.php?rest_route=\/wp\/v2\/posts\/987\/revisions"}],"predecessor-version":[{"id":989,"href":"https:\/\/baraka.cc\/index.php?rest_route=\/wp\/v2\/posts\/987\/revisions\/989"}],"wp:attachment":[{"href":"https:\/\/baraka.cc\/index.php?rest_route=%2Fwp%2Fv2%2Fmedia&parent=987"}],"wp:term":[{"taxonomy":"category","embeddable":true,"href":"https:\/\/baraka.cc\/index.php?rest_route=%2Fwp%2Fv2%2Fcategories&post=987"},{"taxonomy":"post_tag","embeddable":true,"href":"https:\/\/baraka.cc\/index.php?rest_route=%2Fwp%2Fv2%2Ftags&post=987"}],"curies":[{"name":"wp","href":"https:\/\/api.w.org\/{rel}","templated":true}]}}